{"id":1404,"date":"2023-11-02T09:41:14","date_gmt":"2023-11-02T08:41:14","guid":{"rendered":"https:\/\/wirtschaftsstandort-ostfriesland.de\/?p=1404"},"modified":"2023-12-18T13:36:55","modified_gmt":"2023-12-18T12:36:55","slug":"bernard-meyer","status":"publish","type":"post","link":"https:\/\/wirtschaftsstandort-ostfriesland.de\/en\/people-of-the-region\/bernard-meyer\/","title":{"rendered":"Bernard Meyer"},"content":{"rendered":"\t\t<div data-elementor-type=\"wp-post\" data-elementor-id=\"1404\" class=\"elementor elementor-1404 elementor-1403\" data-elementor-post-type=\"post\">\n\t\t\t\t<div class=\"elementor-element elementor-element-d03ec5b e-flex e-con-boxed e-con e-parent\" data-id=\"d03ec5b\" data-element_type=\"container\" data-e-type=\"container\" data-settings=\"{&quot;background_background&quot;:&quot;gradient&quot;}\">\n\t\t\t\t\t<div class=\"e-con-inner\">\n\t\t<div class=\"elementor-element elementor-element-bf524a8 e-con-full e-flex e-con e-child\" data-id=\"bf524a8\" data-element_type=\"container\" data-e-type=\"container\">\n\t\t\t\t<div class=\"elementor-element elementor-element-c1bc859 elementor-widget elementor-widget-heading\" data-id=\"c1bc859\" data-element_type=\"widget\" data-e-type=\"widget\" data-widget_type=\"heading.default\">\n\t\t\t\t<div class=\"elementor-widget-container\">\n\t\t\t\t\t<h2 class=\"elementor-heading-title elementor-size-default\">\u201cWe realised we needed to become more independent.\u201d<\/h2>\t\t\t\t<\/div>\n\t\t\t\t<\/div>\n\t\t\t\t<div class=\"elementor-element elementor-element-9cf1715 elementor-widget elementor-widget-text-editor\" data-id=\"9cf1715\" data-element_type=\"widget\" data-e-type=\"widget\" data-widget_type=\"text-editor.default\">\n\t\t\t\t<div class=\"elementor-widget-container\">\n\t\t\t\t\t\t\t\t\t<p>There are around 15 million individual parts<br \/>parts in a modern cruise ship. From the wooden sailing boats<br \/>of yesteryear via steel shipbuilding to the huge, complex<br \/>ocean liners of today, Meyer Werft in Papenburg<br \/>has steered the family company successfully through difficult waters,<br \/>from one generation to the next. Innovation cycles<br \/>are getting shorter all the time, and the next change is always only just around the corner.<br \/>And senior boss Bernard Meyer is right in the midst of it all.<\/p>\n\t\t\t\t\t\t\t\t<\/div>\n\t\t\t\t<\/div>\n\t\t\t\t<\/div>\n\t\t<div class=\"elementor-element elementor-element-addc038 e-con-full e-flex e-con e-child\" data-id=\"addc038\" data-element_type=\"container\" data-e-type=\"container\">\n\t\t\t\t<div class=\"elementor-element elementor-element-153aae4 elementor-widget elementor-widget-image\" data-id=\"153aae4\" data-element_type=\"widget\" data-e-type=\"widget\" data-widget_type=\"image.default\">\n\t\t\t\t<div class=\"elementor-widget-container\">\n\t\t\t\t\t\t\t\t\t\t\t\t<figure class=\"wp-caption\">\n\t\t\t\t\t\t\t\t\t\t<img fetchpriority=\"high\" decoding=\"async\" width=\"235\" height=\"300\" src=\"https:\/\/wirtschaftsstandort-ostfriesland.de\/wp-content\/uploads\/2023\/11\/Bernard-Meyer_MG_5453_YB2016-235x300.jpg\" class=\"attachment-medium size-medium wp-image-1410\" alt=\"\" srcset=\"https:\/\/wirtschaftsstandort-ostfriesland.de\/wp-content\/uploads\/2023\/11\/Bernard-Meyer_MG_5453_YB2016-235x300.jpg 235w, https:\/\/wirtschaftsstandort-ostfriesland.de\/wp-content\/uploads\/2023\/11\/Bernard-Meyer_MG_5453_YB2016-801x1024.jpg 801w, https:\/\/wirtschaftsstandort-ostfriesland.de\/wp-content\/uploads\/2023\/11\/Bernard-Meyer_MG_5453_YB2016-768x982.jpg 768w, https:\/\/wirtschaftsstandort-ostfriesland.de\/wp-content\/uploads\/2023\/11\/Bernard-Meyer_MG_5453_YB2016-1201x1536.jpg 1201w, https:\/\/wirtschaftsstandort-ostfriesland.de\/wp-content\/uploads\/2023\/11\/Bernard-Meyer_MG_5453_YB2016-1601x2048.jpg 1601w, https:\/\/wirtschaftsstandort-ostfriesland.de\/wp-content\/uploads\/2023\/11\/Bernard-Meyer_MG_5453_YB2016.jpg 1662w\" sizes=\"(max-width: 235px) 100vw, 235px\" \/>\t\t\t\t\t\t\t\t\t\t\t<figcaption class=\"widget-image-caption wp-caption-text\">Bernard Meyer<\/figcaption>\n\t\t\t\t\t\t\t\t\t\t<\/figure>\n\t\t\t\t\t\t\t\t\t<\/div>\n\t\t\t\t<\/div>\n\t\t\t\t<\/div>\n\t\t\t\t\t<\/div>\n\t\t\t\t<\/div>\n\t\t<div class=\"elementor-element elementor-element-9db637d e-flex e-con-boxed e-con e-parent\" data-id=\"9db637d\" data-element_type=\"container\" data-e-type=\"container\">\n\t\t\t\t\t<div class=\"e-con-inner\">\n\t\t\t\t<div class=\"elementor-element elementor-element-1a36ec8 elementor-widget elementor-widget-text-editor\" data-id=\"1a36ec8\" data-element_type=\"widget\" data-e-type=\"widget\" data-widget_type=\"text-editor.default\">\n\t\t\t\t<div class=\"elementor-widget-container\">\n\t\t\t\t\t\t\t\t\t<p>\u201cThat was when all our hearts stood still\u201d, recalls Bernard Meyer as he looks at the photo taken at the launch of the \u201cHomeric\u201d. Not just because this was the first (and last) time for a ship of this size to be launched sideways. The \u201cHomeric\u201d was also the first cruise ship that was built by Meyer Werft. A challenge, a chance, a venture \u2013 and, looking back, the start of a new era. The wave created by the \u201cHomeric\u201d in 1986 in front of cheering crowds carried Meyer Werft into the new millennium. <\/p>\n\t\t\t\t\t\t\t\t<\/div>\n\t\t\t\t<\/div>\n\t\t\t\t\t<\/div>\n\t\t\t\t<\/div>\n\t\t<div class=\"elementor-element elementor-element-b0c7319 e-flex e-con-boxed e-con e-parent\" data-id=\"b0c7319\" data-element_type=\"container\" data-e-type=\"container\">\n\t\t\t\t\t<div class=\"e-con-inner\">\n\t\t<div class=\"elementor-element elementor-element-5c73901 e-con-full e-flex e-con e-child\" data-id=\"5c73901\" data-element_type=\"container\" data-e-type=\"container\">\n\t\t\t\t<div class=\"elementor-element elementor-element-6548227 elementor-widget elementor-widget-image\" data-id=\"6548227\" data-element_type=\"widget\" data-e-type=\"widget\" data-widget_type=\"image.default\">\n\t\t\t\t<div class=\"elementor-widget-container\">\n\t\t\t\t\t\t\t\t\t\t\t\t<figure class=\"wp-caption\">\n\t\t\t\t\t\t\t\t\t\t<img decoding=\"async\" width=\"1024\" height=\"703\" src=\"https:\/\/wirtschaftsstandort-ostfriesland.de\/wp-content\/uploads\/2023\/11\/mw_gesine_dh9_7809_kopie-1024x703.jpg\" class=\"attachment-large size-large wp-image-1412\" alt=\"F\u00fcr 2023 plant die MEYER WERFT die Ablieferung der &quot;Carnival Jubilee&quot; f\u00fcr Carnival Cruise Line. Erstmals wird dazu ein Schiffsdesign von MEYER TURKU zur MEYER WERFT transfomiert.\" srcset=\"https:\/\/wirtschaftsstandort-ostfriesland.de\/wp-content\/uploads\/2023\/11\/mw_gesine_dh9_7809_kopie-1024x703.jpg 1024w, https:\/\/wirtschaftsstandort-ostfriesland.de\/wp-content\/uploads\/2023\/11\/mw_gesine_dh9_7809_kopie-300x206.jpg 300w, https:\/\/wirtschaftsstandort-ostfriesland.de\/wp-content\/uploads\/2023\/11\/mw_gesine_dh9_7809_kopie-768x527.jpg 768w, https:\/\/wirtschaftsstandort-ostfriesland.de\/wp-content\/uploads\/2023\/11\/mw_gesine_dh9_7809_kopie-1536x1054.jpg 1536w, https:\/\/wirtschaftsstandort-ostfriesland.de\/wp-content\/uploads\/2023\/11\/mw_gesine_dh9_7809_kopie-2048x1405.jpg 2048w\" sizes=\"(max-width: 1024px) 100vw, 1024px\" \/>\t\t\t\t\t\t\t\t\t\t\t<figcaption class=\"widget-image-caption wp-caption-text\">For 2023, MEYER WERFT plans to deliver the \"Carnival Jubilee\" for Carnival Cruise Line. For the first time, a ship design from MEYER TURKU will be transferred to MEYER WERFT.<\/figcaption>\n\t\t\t\t\t\t\t\t\t\t<\/figure>\n\t\t\t\t\t\t\t\t\t<\/div>\n\t\t\t\t<\/div>\n\t\t\t\t<\/div>\n\t\t<div class=\"elementor-element elementor-element-8a23d2c e-con-full e-flex e-con e-child\" data-id=\"8a23d2c\" data-element_type=\"container\" data-e-type=\"container\">\n\t\t\t\t<div class=\"elementor-element elementor-element-0bd58bb elementor-widget elementor-widget-heading\" data-id=\"0bd58bb\" data-element_type=\"widget\" data-e-type=\"widget\" data-widget_type=\"heading.default\">\n\t\t\t\t<div class=\"elementor-widget-container\">\n\t\t\t\t\t<h2 class=\"elementor-heading-title elementor-size-default\">Curious about technology<\/h2>\t\t\t\t<\/div>\n\t\t\t\t<\/div>\n\t\t\t\t<div class=\"elementor-element elementor-element-727e80e elementor-widget elementor-widget-text-editor\" data-id=\"727e80e\" data-element_type=\"widget\" data-e-type=\"widget\" data-widget_type=\"text-editor.default\">\n\t\t\t\t<div class=\"elementor-widget-container\">\n\t\t\t\t\t\t\t\t\t<p>Papenburg in the 1950s. When Berna Meyer put her elder sons in the bath on a Sunday evening, she\u2019d always know at once if the boys had been playing in the shipyard again. The small mobile cranes and all the sand in the foundry were just too tempting. \u201cBut we also picked up sand fleas and this is what betrayed us\u201d, reminisces Bernard Meyer. \u201cJust like the little hand prints we left on everything. On Monday morning, the foreman would come into the office to complain.\u201d But this didn\u2019t change anything in the allure of the workshops for the brothers. On the contrary.  \u201cWhen I was a small boy, they already let me work in the joiner\u2019s shop during the holidays. That was great.\u201d Young Bernard helped make furniture for the ships and learnt from one of the older joiners how to<br \/>handle wood. Their father happily encouraged the interest that the boys showed in the various trades involved in shipbuilding. \u201cBut he never put us under pressure to take over the shipyard one day. After all, things weren\u2019t always easy in the industry.\u201d <\/p>\n\t\t\t\t\t\t\t\t<\/div>\n\t\t\t\t<\/div>\n\t\t\t\t<\/div>\n\t\t\t\t\t<\/div>\n\t\t\t\t<\/div>\n\t\t<div class=\"elementor-element elementor-element-95da3f7 e-flex e-con-boxed e-con e-parent\" data-id=\"95da3f7\" data-element_type=\"container\" data-e-type=\"container\" data-settings=\"{&quot;background_background&quot;:&quot;classic&quot;}\">\n\t\t\t\t\t<div class=\"e-con-inner\">\n\t\t\t\t<div class=\"elementor-element elementor-element-60aa639 elementor-widget elementor-widget-text-editor\" data-id=\"60aa639\" data-element_type=\"widget\" data-e-type=\"widget\" data-widget_type=\"text-editor.default\">\n\t\t\t\t<div class=\"elementor-widget-container\">\n\t\t\t\t\t\t\t\t\t<p>Even so, Bernard Meyer knew early on that he wanted to study shipbuilding. This had the positive side-effect of taking him away from home to a larger city. \u201cEmden didn\u2019t have a university in those days. And life in Papenburg was rather bleak in the 1960s for a young man just out of school.\u201d In sharp contrast to the halls of residence and student digs in Hannover and Hamburg.   These were the years of great student unrest. Meyer was moved by all that was going on. He had many interests and also attended lectures in other subjects.   His intention after graduating was to gain further experience on French shipyards to start with. A trade delegation to Japan prompted him to change his plans at short notice, thus laying the basis for many of his future decisions.  <\/p>\n\t\t\t\t\t\t\t\t<\/div>\n\t\t\t\t<\/div>\n\t\t\t\t\t<\/div>\n\t\t\t\t<\/div>\n\t\t<div class=\"elementor-element elementor-element-e001800 e-flex e-con-boxed e-con e-parent\" data-id=\"e001800\" data-element_type=\"container\" data-e-type=\"container\">\n\t\t\t\t\t<div class=\"e-con-inner\">\n\t\t\t\t<div class=\"elementor-element elementor-element-f279ca5 elementor-widget elementor-widget-heading\" data-id=\"f279ca5\" data-element_type=\"widget\" data-e-type=\"widget\" data-widget_type=\"heading.default\">\n\t\t\t\t<div class=\"elementor-widget-container\">\n\t\t\t\t\t<h3 class=\"elementor-heading-title elementor-size-default\">A grand voyage<\/h3>\t\t\t\t<\/div>\n\t\t\t\t<\/div>\n\t\t\t\t\t<\/div>\n\t\t\t\t<\/div>\n\t\t<div class=\"elementor-element elementor-element-1857c6b e-flex e-con-boxed e-con e-parent\" data-id=\"1857c6b\" data-element_type=\"container\" data-e-type=\"container\">\n\t\t\t\t\t<div class=\"e-con-inner\">\n\t\t\t\t<div class=\"elementor-element elementor-element-5a08b97 elementor-widget elementor-widget-text-editor\" data-id=\"5a08b97\" data-element_type=\"widget\" data-e-type=\"widget\" data-widget_type=\"text-editor.default\">\n\t\t\t\t<div class=\"elementor-widget-container\">\n\t\t\t\t\t\t\t\t\t<p>The shipyards\u2019 association was planning a visit to the big shipyards in Japan, which were seen as world leaders in those days. But only shipyard employees were allowed on the trip. \u201cSo my father said: \u201cIn that case, we\u2019ll make you an employee now\u201d. The members of the delegation were impressed by the work they saw in Japan.    \u201cIt wasn\u2019t just the size and the technologies, but also the level of vertical integration. The companies were already organised along Kaizen lines.\u201d Later on, this Japanese life and work philosophy would also come to have a great influence on western management processes. Meyer would soon be in a position to apply much of what he absorbed in the Far East. This also became a necessity.   <br \/>The industry was under pressure, with more and more orders being lost to Asia. Meyer Werft was fortunate though. During a brief \u201cpolitical spring\u201d between  <br \/>the former Soviet Union and the USA, father and son manage to acquire a major order in Moscow. \u201cSix big LPG carriers, this was incredible. We\u2019d never built such large ships\u201d. To do so, they needed a bigger shipyard. Bernard Meyer convinced his father to build new premises outside the town.   \u201cRelocating to Emden wasn\u2019t on the cards: we needed our skilled workers in Papenburg.\u201d His father agreed, but made one thing clear: \u201cYou\u2019re needed here now. When we make mistakes  <br \/>, we make them together.\u201c Bernard Meyer assumed management of the construction site. They proved to be a good team. They also had the town and district authority on board. Nor were they deterred by the fact that their construction project in Lower Saxony was the first of its kind to come under the Federal Emission Protection regulations. Within just eighteen months, the broad outlines for both the new shipyard and the first ship were completed.<\/p>\n\t\t\t\t\t\t\t\t<\/div>\n\t\t\t\t<\/div>\n\t\t\t\t\t<\/div>\n\t\t\t\t<\/div>\n\t\t<div class=\"elementor-element elementor-element-83641d4 e-flex e-con-boxed e-con e-parent\" data-id=\"83641d4\" data-element_type=\"container\" data-e-type=\"container\">\n\t\t\t\t\t<div class=\"e-con-inner\">\n\t\t\t\t<div class=\"elementor-element elementor-element-ee9ffad elementor-widget elementor-widget-image\" data-id=\"ee9ffad\" data-element_type=\"widget\" data-e-type=\"widget\" data-widget_type=\"image.default\">\n\t\t\t\t<div class=\"elementor-widget-container\">\n\t\t\t\t\t\t\t\t\t\t\t\t<figure class=\"wp-caption\">\n\t\t\t\t\t\t\t\t\t\t<img decoding=\"async\" width=\"1024\" height=\"629\" src=\"https:\/\/wirtschaftsstandort-ostfriesland.de\/wp-content\/uploads\/2023\/11\/mw_arvia_dh9_2122-1024x629.jpg\" class=\"attachment-large size-large wp-image-1415\" alt=\"Die MEYER WERFT hat Ende 2022 die &quot;Arvia&quot; an ihren Auftragsgeber, die britische Rederei P&amp;O Cruises, \u00fcbergeben. Die &quot;Arvia&quot; wird mit verfl\u00fcssigtem Erdgas (LNG) angetrieben - einem der saubersten derzeit verf\u00fcgbaren Treibstoffe in der Schifffahrt.\" srcset=\"https:\/\/wirtschaftsstandort-ostfriesland.de\/wp-content\/uploads\/2023\/11\/mw_arvia_dh9_2122-1024x629.jpg 1024w, https:\/\/wirtschaftsstandort-ostfriesland.de\/wp-content\/uploads\/2023\/11\/mw_arvia_dh9_2122-300x184.jpg 300w, https:\/\/wirtschaftsstandort-ostfriesland.de\/wp-content\/uploads\/2023\/11\/mw_arvia_dh9_2122-768x472.jpg 768w, https:\/\/wirtschaftsstandort-ostfriesland.de\/wp-content\/uploads\/2023\/11\/mw_arvia_dh9_2122-1536x943.jpg 1536w, https:\/\/wirtschaftsstandort-ostfriesland.de\/wp-content\/uploads\/2023\/11\/mw_arvia_dh9_2122-2048x1258.jpg 2048w\" sizes=\"(max-width: 1024px) 100vw, 1024px\" \/>\t\t\t\t\t\t\t\t\t\t\t<figcaption class=\"widget-image-caption wp-caption-text\">At the end of 2022, MEYER WERFT handed over the \"Arvia\" to its client, the British shipping company P&amp;O Cruises. The \"Arvia\" is powered by liquefied natural gas (LNG) - one of the cleanest fuels currently available in shipping.<\/figcaption>\n\t\t\t\t\t\t\t\t\t\t<\/figure>\n\t\t\t\t\t\t\t\t\t<\/div>\n\t\t\t\t<\/div>\n\t\t\t\t\t<\/div>\n\t\t\t\t<\/div>\n\t\t<div class=\"elementor-element elementor-element-4f57645 e-flex e-con-boxed e-con e-parent\" data-id=\"4f57645\" data-element_type=\"container\" data-e-type=\"container\">\n\t\t\t\t\t<div class=\"e-con-inner\">\n\t\t\t\t<div class=\"elementor-element elementor-element-c8531c4 elementor-widget elementor-widget-heading\" data-id=\"c8531c4\" data-element_type=\"widget\" data-e-type=\"widget\" data-widget_type=\"heading.default\">\n\t\t\t\t<div class=\"elementor-widget-container\">\n\t\t\t\t\t<h3 class=\"elementor-heading-title elementor-size-default\">Looking for the niche<\/h3>\t\t\t\t<\/div>\n\t\t\t\t<\/div>\n\t\t\t\t\t<\/div>\n\t\t\t\t<\/div>\n\t\t<div class=\"elementor-element elementor-element-03fccf5 e-flex e-con-boxed e-con e-parent\" data-id=\"03fccf5\" data-element_type=\"container\" data-e-type=\"container\">\n\t\t\t\t\t<div class=\"e-con-inner\">\n\t\t\t\t<div class=\"elementor-element elementor-element-9bac38d elementor-widget elementor-widget-text-editor\" data-id=\"9bac38d\" data-element_type=\"widget\" data-e-type=\"widget\" data-widget_type=\"text-editor.default\">\n\t\t\t\t<div class=\"elementor-widget-container\">\n\t\t\t\t\t\t\t\t\t<p>\u201cAnd then the oil crisis hit. Ships were being laid up all over the place, yet there we were, building a new shipyard.\u201d The financial side of the project became a challenge. \u201cIt\u2019s a good concept, but young Mr Meyer is too young, and old Mr Meyer is too old\u201d, were the concerns one of the banks had, as they discovered later on. \u201cMy father was 65 and I was 25\u201d. For the future, they decided to split their roles along strategic lines. \u201cMy father stood for stability and continuity, and I stood for new ideas and innovation.\u201d The plan worked and was implemented in the next generation as well. \u201cWe were a good team right up to the end. I don\u2019t regret a single minute with my father.\u201d       <\/p>\n<p>Once the shipyard was finished, the engineer wanted to get to know the markets: \u201cAnd as many people as possible.\u201d The six months he spent gaining experience with a shipping agent would serve him well with what would possibly be his most important decision. In the early 1980s, with Bernard Meyer meanwhile in charge of the shipyard, a Greek shipowner issued a tender for a cruise ship. Other competitors were rather hesitant, not just because the task was highly challenging in technical terms, but also because the ship was to be built in just two years. Having meanwhile gained experience in building luxurious ferries for the Scandinavian market, Meyer grasped his chance. \u201cAlready with the gas carriers, we saw ourselves more in the role of general contractor than pure shipbuilder.\u201d      <\/p>\n<p>Meyer Werft stands out not only in the way they organise all the individual trades involved in building a ship, but also with the company\u2019s comprehensive know-how. The specialist expertise of the Group today extends from air conditioning systems and artificial intelligence to the construction of adventure pools. The workforce of around 7,000 employees includes more than 1,300 graduate engineers. Many solutions emerge from working closely with the customers. \u201cMy great-grandfather once said that success depends on training and expertise. That\u2019s investment in the next ten years and not just tomorrow.\u201d     <\/p>\n\t\t\t\t\t\t\t\t<\/div>\n\t\t\t\t<\/div>\n\t\t\t\t\t<\/div>\n\t\t\t\t<\/div>\n\t\t<div class=\"elementor-element elementor-element-28aad54 e-flex e-con-boxed e-con e-parent\" data-id=\"28aad54\" data-element_type=\"container\" data-e-type=\"container\">\n\t\t\t\t\t<div class=\"e-con-inner\">\n\t\t\t\t<div class=\"elementor-element elementor-element-f22cfd5 elementor-widget elementor-widget-heading\" data-id=\"f22cfd5\" data-element_type=\"widget\" data-e-type=\"widget\" data-widget_type=\"heading.default\">\n\t\t\t\t<div class=\"elementor-widget-container\">\n\t\t\t\t\t<h3 class=\"elementor-heading-title elementor-size-default\">Technology for tomorrow<\/h3>\t\t\t\t<\/div>\n\t\t\t\t<\/div>\n\t\t\t\t\t<\/div>\n\t\t\t\t<\/div>\n\t\t<div class=\"elementor-element elementor-element-251d69c e-flex e-con-boxed e-con e-parent\" data-id=\"251d69c\" data-element_type=\"container\" data-e-type=\"container\">\n\t\t\t\t\t<div class=\"e-con-inner\">\n\t\t\t\t<div class=\"elementor-element elementor-element-cf829bf elementor-widget elementor-widget-text-editor\" data-id=\"cf829bf\" data-element_type=\"widget\" data-e-type=\"widget\" data-widget_type=\"text-editor.default\">\n\t\t\t\t<div class=\"elementor-widget-container\">\n\t\t\t\t\t\t\t\t\t<p>Time and again, their innovations put the shipbuilders in Papenburg a step ahead of the competition. The shipyard became home to Europe\u2019s largest laser centre. Bernard Meyer was awarded the Werner von Siemens ring for his services to science and technology, one of the few honours that he has been prepared to accept. He\u2019d far rather talk about the things close to his heart. \u201cToday we are the only shipyard with integrated product lifecycle management&#8221;; he explains. In this way, the huge quantities of data generated during the construction and development phase can be used right through to the production process. \u201cNo-one has managed that before on this technical level.\u201d His son Paul, who has a PhD in business information systems, has introduced a new platform which has triggered a completely new approach to manufacturing. Flexibility is ensured by a steering group and small mixed teams. New beginnings, once more! The Meyer Werft is technology leader in its niche.          <\/p>\n<p>Bernard Meyer sees many shipbuilding firms failing at the point where one generation hands over to the next. He has therefore taken early precautions by setting up two family foundations to safeguard the continuation and succession of the Group, which now has three shipyards. \u201cI\u2019m still around, but I no longer have active responsibility.\u201d His son Jan runs the shipyard in Papenburg, Tim does the same in Turku, Finland, and Paul is in charge of IT at all sites. The management team also includes people who aren\u2019t actually part of the family. Bernard Meyer supports and assists all senior executives and provides the necessary continuity, following in his father\u2019s footsteps. His is also actively involved in the German and European shipyards\u2019 association. On both levels, crisis management has been put at the top of the agenda due to Covid-19 and the war in Europe. \u201cThings aren\u2019t so easy just now. We\u2019ve decreased production and also turnover by around 40 percent.\u201d That\u2019s like slamming on the brakes, after the shipyard had been turning out more cruise ships than ever before. \u201cWe grew about ten-fold through the cruise business. My son once said we were actually like a start-up.\u201d At the same time, German shipbuilding shrank to one tenth. Today, the Meyer Group accounts for 80 percent of commercial shipbuilding in Germany. But the company is going through a transformation process.              <\/p>\n<p>\u201cWhen the cruise market collapsed two years ago, we started looking for alternatives. Fortunately, we were able to stretch the orders that were already on our books. But we also realised that we needed to become more independent.\u201d This was achieved by harking back to old skills, and also through further development. <br \/>. Today, the shipyard is once again building a research ship; older vessels are being converted to more environmentally friendly drive systems, and there is also a division for green super yachts. The senior boss sees a great future for floating buildings. This is a concept that the next generation in the family has already developed.  <br \/>has already developed.<\/p>\n<p>Papenburg was and is Bernard Meyer\u2019s home port. He loves the way the region is so family friendly. He used to go rowing here. Hobbies? No, he doesn\u2019t have any just now. He likes being in the office and in the production facilities, he always knows what\u2019s being built, how and where. Even if ships are no longer actually launched in Papenburg, it\u2019s a very special moment for him every time a ship leaves the dock. It\u2019s also a public celebration \u2013 today more than ever.      <\/p>\n\t\t\t\t\t\t\t\t<\/div>\n\t\t\t\t<\/div>\n\t\t\t\t\t<\/div>\n\t\t\t\t<\/div>\n\t\t<div class=\"elementor-element elementor-element-18718ea e-flex e-con-boxed e-con e-parent\" data-id=\"18718ea\" data-element_type=\"container\" data-e-type=\"container\">\n\t\t\t\t\t<div class=\"e-con-inner\">\n\t\t<div class=\"elementor-element elementor-element-4dec91f e-con-full e-flex e-con e-child\" data-id=\"4dec91f\" data-element_type=\"container\" data-e-type=\"container\" data-settings=\"{&quot;background_background&quot;:&quot;gradient&quot;}\">\n\t\t\t\t<div class=\"elementor-element elementor-element-4765a0b elementor-widget elementor-widget-heading\" data-id=\"4765a0b\" data-element_type=\"widget\" data-e-type=\"widget\" data-widget_type=\"heading.default\">\n\t\t\t\t<div class=\"elementor-widget-container\">\n\t\t\t\t\t<h4 class=\"elementor-heading-title elementor-size-default\">MEYER WERFT GmbH &amp; Co. KG<\/h4>\t\t\t\t<\/div>\n\t\t\t\t<\/div>\n\t\t\t\t<div class=\"elementor-element elementor-element-4ddd8d1 elementor-widget elementor-widget-text-editor\" data-id=\"4ddd8d1\" data-element_type=\"widget\" data-e-type=\"widget\" data-widget_type=\"text-editor.default\">\n\t\t\t\t<div class=\"elementor-widget-container\">\n\t\t\t\t\t\t\t\t\t<p>Phone: <a href=\"tel:04961810\">04961 81-0<\/a><\/p>\n<p>E-Mail: <a href=\"mailto:info@meyerwerft.de\">info@meyerwerft.de<\/a><\/p>\n<p>Web:<a href=\"https:\/\/www.meyerwerft.de\/de\/index.jsp\"> www.meyerwerft.de<\/a><\/p>\n\t\t\t\t\t\t\t\t<\/div>\n\t\t\t\t<\/div>\n\t\t\t\t<\/div>\n\t\t\t\t<div class=\"elementor-element elementor-element-c007404 elementor-widget elementor-widget-google_maps\" data-id=\"c007404\" data-element_type=\"widget\" data-e-type=\"widget\" data-widget_type=\"google_maps.default\">\n\t\t\t\t<div class=\"elementor-widget-container\">\n\t\t\t\t\t\t\t<div class=\"elementor-custom-embed\">\n\t\t\t <div class=\"brlbs-cmpnt-container brlbs-cmpnt-content-blocker brlbs-cmpnt-with-individual-styles\" data-borlabs-cookie-content-blocker-id=\"default\" data-borlabs-cookie-content=\"PGlmcmFtZSBsb2FkaW5nPSJsYXp5IgoJCQkJCXNyYz0iaHR0cHM6Ly9tYXBzLmdvb2dsZS5jb20vbWFwcz9xPU1leWVyJTIwV2VyZnQlMjBQYXBlbmJ1cmcmIzAzODt0PW0mIzAzODt6PTEwJiMwMzg7b3V0cHV0PWVtYmVkJiMwMzg7aXdsb2M9bmVhciIKCQkJCQl0aXRsZT0iTWV5ZXIgV2VyZnQgUGFwZW5idXJnIgoJCQkJCWFyaWEtbGFiZWw9Ik1leWVyIFdlcmZ0IFBhcGVuYnVyZyIKCQkJPjwvaWZyYW1lPg==\"><div class=\"brlbs-cmpnt-cb-preset-a\"> <p class=\"brlbs-cmpnt-cb-description\">Sie sehen gerade einen Platzhalterinhalt von <strong>Standard<\/strong>. Um auf den eigentlichen Inhalt zuzugreifen, klicken Sie auf den Button unten. Bitte beachten Sie, dass dabei Daten an Drittanbieter weitergegeben werden.<\/p> <div class=\"brlbs-cmpnt-cb-buttons\"> <a class=\"brlbs-cmpnt-cb-btn\" href=\"#\" data-borlabs-cookie-unblock role=\"button\">Inhalt entsperren<\/a> <a class=\"brlbs-cmpnt-cb-btn\" href=\"#\" data-borlabs-cookie-accept-service role=\"button\" style=\"display: none\">Erforderlichen Service akzeptieren und Inhalte entsperren<\/a> <\/div> <a class=\"brlbs-cmpnt-cb-provider-toggle\" href=\"#\" data-borlabs-cookie-show-provider-information role=\"button\">Mehr Informationen<\/a> <\/div><\/div>\n\t\t<\/div>\n\t\t\t\t\t\t<\/div>\n\t\t\t\t<\/div>\n\t\t\t\t\t<\/div>\n\t\t\t\t<\/div>\n\t\t<div class=\"elementor-element elementor-element-e5ec851 e-flex e-con-boxed e-con e-parent\" data-id=\"e5ec851\" data-element_type=\"container\" data-e-type=\"container\">\n\t\t\t\t\t<div class=\"e-con-inner\">\n\t\t\t\t<div class=\"elementor-element elementor-element-f01237f elementor-share-buttons--view-icon elementor-share-buttons--skin-minimal elementor-share-buttons--shape-circle elementor-grid-0 elementor-share-buttons--color-official elementor-widget elementor-widget-share-buttons\" data-id=\"f01237f\" data-element_type=\"widget\" data-e-type=\"widget\" data-widget_type=\"share-buttons.default\">\n\t\t\t\t<div class=\"elementor-widget-container\">\n\t\t\t\t\t\t\t<div class=\"elementor-grid\" role=\"list\">\n\t\t\t\t\t\t\t\t<div class=\"elementor-grid-item\" role=\"listitem\">\n\t\t\t\t\t\t<div class=\"elementor-share-btn elementor-share-btn_facebook\" role=\"button\" tabindex=\"0\" aria-label=\"Share on facebook\">\n\t\t\t\t\t\t\t\t\t\t\t\t\t\t\t<span class=\"elementor-share-btn__icon\">\n\t\t\t\t\t\t\t\t<i class=\"fab fa-facebook\" aria-hidden=\"true\"><\/i>\t\t\t\t\t\t\t<\/span>\n\t\t\t\t\t\t\t\t\t\t\t\t\t\t\t\t\t\t\t\t<\/div>\n\t\t\t\t\t<\/div>\n\t\t\t\t\t\t\t\t\t<div class=\"elementor-grid-item\" role=\"listitem\">\n\t\t\t\t\t\t<div class=\"elementor-share-btn elementor-share-btn_linkedin\" role=\"button\" tabindex=\"0\" aria-label=\"Share on linkedin\">\n\t\t\t\t\t\t\t\t\t\t\t\t\t\t\t<span class=\"elementor-share-btn__icon\">\n\t\t\t\t\t\t\t\t<i class=\"fab fa-linkedin\" aria-hidden=\"true\"><\/i>\t\t\t\t\t\t\t<\/span>\n\t\t\t\t\t\t\t\t\t\t\t\t\t\t\t\t\t\t\t\t<\/div>\n\t\t\t\t\t<\/div>\n\t\t\t\t\t\t\t\t\t<div class=\"elementor-grid-item\" role=\"listitem\">\n\t\t\t\t\t\t<div class=\"elementor-share-btn elementor-share-btn_whatsapp\" role=\"button\" tabindex=\"0\" aria-label=\"Share on whatsapp\">\n\t\t\t\t\t\t\t\t\t\t\t\t\t\t\t<span class=\"elementor-share-btn__icon\">\n\t\t\t\t\t\t\t\t<i class=\"fab fa-whatsapp\" aria-hidden=\"true\"><\/i>\t\t\t\t\t\t\t<\/span>\n\t\t\t\t\t\t\t\t\t\t\t\t\t\t\t\t\t\t\t\t<\/div>\n\t\t\t\t\t<\/div>\n\t\t\t\t\t\t\t\t\t<div class=\"elementor-grid-item\" role=\"listitem\">\n\t\t\t\t\t\t<div class=\"elementor-share-btn elementor-share-btn_email\" role=\"button\" tabindex=\"0\" aria-label=\"Share on email\">\n\t\t\t\t\t\t\t\t\t\t\t\t\t\t\t<span class=\"elementor-share-btn__icon\">\n\t\t\t\t\t\t\t\t<i class=\"fas fa-envelope\" aria-hidden=\"true\"><\/i>\t\t\t\t\t\t\t<\/span>\n\t\t\t\t\t\t\t\t\t\t\t\t\t\t\t\t\t\t\t\t<\/div>\n\t\t\t\t\t<\/div>\n\t\t\t\t\t\t\t\t\t<div class=\"elementor-grid-item\" role=\"listitem\">\n\t\t\t\t\t\t<div class=\"elementor-share-btn elementor-share-btn_print\" role=\"button\" tabindex=\"0\" aria-label=\"Share on print\">\n\t\t\t\t\t\t\t\t\t\t\t\t\t\t\t<span class=\"elementor-share-btn__icon\">\n\t\t\t\t\t\t\t\t<i class=\"fas fa-print\" aria-hidden=\"true\"><\/i>\t\t\t\t\t\t\t<\/span>\n\t\t\t\t\t\t\t\t\t\t\t\t\t\t\t\t\t\t\t\t<\/div>\n\t\t\t\t\t<\/div>\n\t\t\t\t\t\t<\/div>\n\t\t\t\t\t\t<\/div>\n\t\t\t\t<\/div>\n\t\t\t\t\t<\/div>\n\t\t\t\t<\/div>\n\t\t\t\t<\/div>\n\t\t","protected":false},"excerpt":{"rendered":"<p>\u201cWe realised we needed to become more independent.\u201d<\/p>\n","protected":false},"author":11,"featured_media":3740,"comment_status":"closed","ping_status":"closed","sticky":false,"template":"","format":"standard","meta":{"_acf_changed":false,"neve_meta_sidebar":"","neve_meta_container":"","neve_meta_enable_content_width":"","neve_meta_content_width":0,"neve_meta_title_alignment":"","neve_meta_author_avatar":"","neve_post_elements_order":"","neve_meta_disable_header":"","neve_meta_disable_footer":"","neve_meta_disable_title":"","neve_meta_reading_time":"","_themeisle_gutenberg_block_has_review":false,"footnotes":""},"categories":[48,1],"tags":[62,50],"class_list":["post-1404","post","type-post","status-publish","format-standard","has-post-thumbnail","hentry","category-people-of-the-region","category-unkategorisiert","tag-papenburg-en","tag-protagonists-of-the-region"],"acf":[],"yoast_head":"<!-- This site is optimized with the Yoast SEO plugin v27.4 - https:\/\/yoast.com\/product\/yoast-seo-wordpress\/ -->\n<title>Bernard Meyer - Wirtschaftsstandort Ostfriesland<\/title>\n<meta name=\"description\" content=\"\u201cWe realised we needed to become more independent.\u201d, says Bernard Meyer, MEYER WERFT GmbH &amp; Co. KG - business location Ostfriesland\/ Papenburg.\" \/>\n<meta name=\"robots\" content=\"index, follow, max-snippet:-1, max-image-preview:large, max-video-preview:-1\" \/>\n<link rel=\"canonical\" href=\"https:\/\/wirtschaftsstandort-ostfriesland.de\/en\/people-of-the-region\/bernard-meyer\/\" \/>\n<meta property=\"og:locale\" content=\"en_US\" \/>\n<meta property=\"og:type\" content=\"article\" \/>\n<meta property=\"og:title\" content=\"Bernard Meyer - Wirtschaftsstandort Ostfriesland\" \/>\n<meta property=\"og:description\" content=\"\u201cWe realised we needed to become more independent.\u201d, says Bernard Meyer, MEYER WERFT GmbH &amp; Co. KG - business location Ostfriesland\/ Papenburg.\" \/>\n<meta property=\"og:url\" content=\"https:\/\/wirtschaftsstandort-ostfriesland.de\/en\/people-of-the-region\/bernard-meyer\/\" \/>\n<meta property=\"og:site_name\" content=\"Wirtschaftsstandort Ostfriesland\" \/>\n<meta property=\"article:published_time\" content=\"2023-11-02T08:41:14+00:00\" \/>\n<meta property=\"article:modified_time\" content=\"2023-12-18T12:36:55+00:00\" \/>\n<meta property=\"og:image\" content=\"https:\/\/wirtschaftsstandort-ostfriesland.de\/wp-content\/uploads\/2023\/11\/Bernard-Meyer-1.jpg\" \/>\n\t<meta property=\"og:image:width\" content=\"2560\" \/>\n\t<meta property=\"og:image:height\" content=\"1675\" \/>\n\t<meta property=\"og:image:type\" content=\"image\/jpeg\" \/>\n<meta name=\"author\" content=\"Alke zur M\u00fchlen\" \/>\n<meta name=\"twitter:card\" content=\"summary_large_image\" \/>\n<meta name=\"twitter:label1\" content=\"Written by\" \/>\n\t<meta name=\"twitter:data1\" content=\"Alke zur M\u00fchlen\" \/>\n\t<meta name=\"twitter:label2\" content=\"Est. reading time\" \/>\n\t<meta name=\"twitter:data2\" content=\"9 minutes\" \/>\n<script type=\"application\/ld+json\" class=\"yoast-schema-graph\">{\"@context\":\"https:\\\/\\\/schema.org\",\"@graph\":[{\"@type\":\"Article\",\"@id\":\"https:\\\/\\\/wirtschaftsstandort-ostfriesland.de\\\/en\\\/people-of-the-region\\\/bernard-meyer\\\/#article\",\"isPartOf\":{\"@id\":\"https:\\\/\\\/wirtschaftsstandort-ostfriesland.de\\\/en\\\/people-of-the-region\\\/bernard-meyer\\\/\"},\"author\":{\"name\":\"Alke zur M\u00fchlen\",\"@id\":\"https:\\\/\\\/wirtschaftsstandort-ostfriesland.de\\\/en\\\/#\\\/schema\\\/person\\\/9733755caf1c6034353e3a4f792f566d\"},\"headline\":\"Bernard Meyer\",\"datePublished\":\"2023-11-02T08:41:14+00:00\",\"dateModified\":\"2023-12-18T12:36:55+00:00\",\"mainEntityOfPage\":{\"@id\":\"https:\\\/\\\/wirtschaftsstandort-ostfriesland.de\\\/en\\\/people-of-the-region\\\/bernard-meyer\\\/\"},\"wordCount\":1856,\"publisher\":{\"@id\":\"https:\\\/\\\/wirtschaftsstandort-ostfriesland.de\\\/en\\\/#organization\"},\"image\":{\"@id\":\"https:\\\/\\\/wirtschaftsstandort-ostfriesland.de\\\/en\\\/people-of-the-region\\\/bernard-meyer\\\/#primaryimage\"},\"thumbnailUrl\":\"https:\\\/\\\/wirtschaftsstandort-ostfriesland.de\\\/wp-content\\\/uploads\\\/2023\\\/11\\\/Bernard-Meyer-1.jpg\",\"keywords\":[\"Papenburg\",\"Protagonists of the region\"],\"articleSection\":[\"People of the region\",\"Unkategorisiert\"],\"inLanguage\":\"en-US\"},{\"@type\":\"WebPage\",\"@id\":\"https:\\\/\\\/wirtschaftsstandort-ostfriesland.de\\\/en\\\/people-of-the-region\\\/bernard-meyer\\\/\",\"url\":\"https:\\\/\\\/wirtschaftsstandort-ostfriesland.de\\\/en\\\/people-of-the-region\\\/bernard-meyer\\\/\",\"name\":\"Bernard Meyer - Wirtschaftsstandort Ostfriesland\",\"isPartOf\":{\"@id\":\"https:\\\/\\\/wirtschaftsstandort-ostfriesland.de\\\/en\\\/#website\"},\"primaryImageOfPage\":{\"@id\":\"https:\\\/\\\/wirtschaftsstandort-ostfriesland.de\\\/en\\\/people-of-the-region\\\/bernard-meyer\\\/#primaryimage\"},\"image\":{\"@id\":\"https:\\\/\\\/wirtschaftsstandort-ostfriesland.de\\\/en\\\/people-of-the-region\\\/bernard-meyer\\\/#primaryimage\"},\"thumbnailUrl\":\"https:\\\/\\\/wirtschaftsstandort-ostfriesland.de\\\/wp-content\\\/uploads\\\/2023\\\/11\\\/Bernard-Meyer-1.jpg\",\"datePublished\":\"2023-11-02T08:41:14+00:00\",\"dateModified\":\"2023-12-18T12:36:55+00:00\",\"description\":\"\u201cWe realised we needed to become more independent.\u201d, says Bernard Meyer, MEYER WERFT GmbH & Co. KG - business location Ostfriesland\\\/ Papenburg.\",\"breadcrumb\":{\"@id\":\"https:\\\/\\\/wirtschaftsstandort-ostfriesland.de\\\/en\\\/people-of-the-region\\\/bernard-meyer\\\/#breadcrumb\"},\"inLanguage\":\"en-US\",\"potentialAction\":[{\"@type\":\"ReadAction\",\"target\":[\"https:\\\/\\\/wirtschaftsstandort-ostfriesland.de\\\/en\\\/people-of-the-region\\\/bernard-meyer\\\/\"]}]},{\"@type\":\"ImageObject\",\"inLanguage\":\"en-US\",\"@id\":\"https:\\\/\\\/wirtschaftsstandort-ostfriesland.de\\\/en\\\/people-of-the-region\\\/bernard-meyer\\\/#primaryimage\",\"url\":\"https:\\\/\\\/wirtschaftsstandort-ostfriesland.de\\\/wp-content\\\/uploads\\\/2023\\\/11\\\/Bernard-Meyer-1.jpg\",\"contentUrl\":\"https:\\\/\\\/wirtschaftsstandort-ostfriesland.de\\\/wp-content\\\/uploads\\\/2023\\\/11\\\/Bernard-Meyer-1.jpg\",\"width\":2560,\"height\":1675,\"caption\":\"Bernard Meyer\"},{\"@type\":\"BreadcrumbList\",\"@id\":\"https:\\\/\\\/wirtschaftsstandort-ostfriesland.de\\\/en\\\/people-of-the-region\\\/bernard-meyer\\\/#breadcrumb\",\"itemListElement\":[{\"@type\":\"ListItem\",\"position\":1,\"name\":\"Startseite\",\"item\":\"https:\\\/\\\/wirtschaftsstandort-ostfriesland.de\\\/en\\\/\"},{\"@type\":\"ListItem\",\"position\":2,\"name\":\"Bernard Meyer\"}]},{\"@type\":\"WebSite\",\"@id\":\"https:\\\/\\\/wirtschaftsstandort-ostfriesland.de\\\/en\\\/#website\",\"url\":\"https:\\\/\\\/wirtschaftsstandort-ostfriesland.de\\\/en\\\/\",\"name\":\"Wirtschaftsstandort Ostfriesland\",\"description\":\"\",\"publisher\":{\"@id\":\"https:\\\/\\\/wirtschaftsstandort-ostfriesland.de\\\/en\\\/#organization\"},\"potentialAction\":[{\"@type\":\"SearchAction\",\"target\":{\"@type\":\"EntryPoint\",\"urlTemplate\":\"https:\\\/\\\/wirtschaftsstandort-ostfriesland.de\\\/en\\\/?s={search_term_string}\"},\"query-input\":{\"@type\":\"PropertyValueSpecification\",\"valueRequired\":true,\"valueName\":\"search_term_string\"}}],\"inLanguage\":\"en-US\"},{\"@type\":\"Organization\",\"@id\":\"https:\\\/\\\/wirtschaftsstandort-ostfriesland.de\\\/en\\\/#organization\",\"name\":\"Wirtschaftsstandort Ostfriesland\",\"url\":\"https:\\\/\\\/wirtschaftsstandort-ostfriesland.de\\\/en\\\/\",\"logo\":{\"@type\":\"ImageObject\",\"inLanguage\":\"en-US\",\"@id\":\"https:\\\/\\\/wirtschaftsstandort-ostfriesland.de\\\/en\\\/#\\\/schema\\\/logo\\\/image\\\/\",\"url\":\"https:\\\/\\\/wirtschaftsstandort-ostfriesland.de\\\/wp-content\\\/uploads\\\/2023\\\/10\\\/wsto_ostfriesland_papenburg_750x250.gif\",\"contentUrl\":\"https:\\\/\\\/wirtschaftsstandort-ostfriesland.de\\\/wp-content\\\/uploads\\\/2023\\\/10\\\/wsto_ostfriesland_papenburg_750x250.gif\",\"width\":750,\"height\":250,\"caption\":\"Wirtschaftsstandort Ostfriesland\"},\"image\":{\"@id\":\"https:\\\/\\\/wirtschaftsstandort-ostfriesland.de\\\/en\\\/#\\\/schema\\\/logo\\\/image\\\/\"}},{\"@type\":\"Person\",\"@id\":\"https:\\\/\\\/wirtschaftsstandort-ostfriesland.de\\\/en\\\/#\\\/schema\\\/person\\\/9733755caf1c6034353e3a4f792f566d\",\"name\":\"Alke zur M\u00fchlen\",\"image\":{\"@type\":\"ImageObject\",\"inLanguage\":\"en-US\",\"@id\":\"https:\\\/\\\/secure.gravatar.com\\\/avatar\\\/6f4ae664f3e8505b06febbe03f152807bf5af9be71980d10656abce40430b678?s=96&d=mm&r=g\",\"url\":\"https:\\\/\\\/secure.gravatar.com\\\/avatar\\\/6f4ae664f3e8505b06febbe03f152807bf5af9be71980d10656abce40430b678?s=96&d=mm&r=g\",\"contentUrl\":\"https:\\\/\\\/secure.gravatar.com\\\/avatar\\\/6f4ae664f3e8505b06febbe03f152807bf5af9be71980d10656abce40430b678?s=96&d=mm&r=g\",\"caption\":\"Alke zur M\u00fchlen\"},\"url\":\"https:\\\/\\\/wirtschaftsstandort-ostfriesland.de\\\/en\\\/author\\\/alke-zur-muehlen\\\/\"}]}<\/script>\n<!-- \/ Yoast SEO plugin. -->","yoast_head_json":{"title":"Bernard Meyer - Wirtschaftsstandort Ostfriesland","description":"\u201cWe realised we needed to become more independent.\u201d, says Bernard Meyer, MEYER WERFT GmbH & Co. KG - business location Ostfriesland\/ Papenburg.","robots":{"index":"index","follow":"follow","max-snippet":"max-snippet:-1","max-image-preview":"max-image-preview:large","max-video-preview":"max-video-preview:-1"},"canonical":"https:\/\/wirtschaftsstandort-ostfriesland.de\/en\/people-of-the-region\/bernard-meyer\/","og_locale":"en_US","og_type":"article","og_title":"Bernard Meyer - Wirtschaftsstandort Ostfriesland","og_description":"\u201cWe realised we needed to become more independent.\u201d, says Bernard Meyer, MEYER WERFT GmbH & Co. KG - business location Ostfriesland\/ Papenburg.","og_url":"https:\/\/wirtschaftsstandort-ostfriesland.de\/en\/people-of-the-region\/bernard-meyer\/","og_site_name":"Wirtschaftsstandort Ostfriesland","article_published_time":"2023-11-02T08:41:14+00:00","article_modified_time":"2023-12-18T12:36:55+00:00","og_image":[{"width":2560,"height":1675,"url":"https:\/\/wirtschaftsstandort-ostfriesland.de\/wp-content\/uploads\/2023\/11\/Bernard-Meyer-1.jpg","type":"image\/jpeg"}],"author":"Alke zur M\u00fchlen","twitter_card":"summary_large_image","twitter_misc":{"Written by":"Alke zur M\u00fchlen","Est. reading time":"9 minutes"},"schema":{"@context":"https:\/\/schema.org","@graph":[{"@type":"Article","@id":"https:\/\/wirtschaftsstandort-ostfriesland.de\/en\/people-of-the-region\/bernard-meyer\/#article","isPartOf":{"@id":"https:\/\/wirtschaftsstandort-ostfriesland.de\/en\/people-of-the-region\/bernard-meyer\/"},"author":{"name":"Alke zur M\u00fchlen","@id":"https:\/\/wirtschaftsstandort-ostfriesland.de\/en\/#\/schema\/person\/9733755caf1c6034353e3a4f792f566d"},"headline":"Bernard Meyer","datePublished":"2023-11-02T08:41:14+00:00","dateModified":"2023-12-18T12:36:55+00:00","mainEntityOfPage":{"@id":"https:\/\/wirtschaftsstandort-ostfriesland.de\/en\/people-of-the-region\/bernard-meyer\/"},"wordCount":1856,"publisher":{"@id":"https:\/\/wirtschaftsstandort-ostfriesland.de\/en\/#organization"},"image":{"@id":"https:\/\/wirtschaftsstandort-ostfriesland.de\/en\/people-of-the-region\/bernard-meyer\/#primaryimage"},"thumbnailUrl":"https:\/\/wirtschaftsstandort-ostfriesland.de\/wp-content\/uploads\/2023\/11\/Bernard-Meyer-1.jpg","keywords":["Papenburg","Protagonists of the region"],"articleSection":["People of the region","Unkategorisiert"],"inLanguage":"en-US"},{"@type":"WebPage","@id":"https:\/\/wirtschaftsstandort-ostfriesland.de\/en\/people-of-the-region\/bernard-meyer\/","url":"https:\/\/wirtschaftsstandort-ostfriesland.de\/en\/people-of-the-region\/bernard-meyer\/","name":"Bernard Meyer - Wirtschaftsstandort Ostfriesland","isPartOf":{"@id":"https:\/\/wirtschaftsstandort-ostfriesland.de\/en\/#website"},"primaryImageOfPage":{"@id":"https:\/\/wirtschaftsstandort-ostfriesland.de\/en\/people-of-the-region\/bernard-meyer\/#primaryimage"},"image":{"@id":"https:\/\/wirtschaftsstandort-ostfriesland.de\/en\/people-of-the-region\/bernard-meyer\/#primaryimage"},"thumbnailUrl":"https:\/\/wirtschaftsstandort-ostfriesland.de\/wp-content\/uploads\/2023\/11\/Bernard-Meyer-1.jpg","datePublished":"2023-11-02T08:41:14+00:00","dateModified":"2023-12-18T12:36:55+00:00","description":"\u201cWe realised we needed to become more independent.\u201d, says Bernard Meyer, MEYER WERFT GmbH & Co. KG - business location Ostfriesland\/ Papenburg.","breadcrumb":{"@id":"https:\/\/wirtschaftsstandort-ostfriesland.de\/en\/people-of-the-region\/bernard-meyer\/#breadcrumb"},"inLanguage":"en-US","potentialAction":[{"@type":"ReadAction","target":["https:\/\/wirtschaftsstandort-ostfriesland.de\/en\/people-of-the-region\/bernard-meyer\/"]}]},{"@type":"ImageObject","inLanguage":"en-US","@id":"https:\/\/wirtschaftsstandort-ostfriesland.de\/en\/people-of-the-region\/bernard-meyer\/#primaryimage","url":"https:\/\/wirtschaftsstandort-ostfriesland.de\/wp-content\/uploads\/2023\/11\/Bernard-Meyer-1.jpg","contentUrl":"https:\/\/wirtschaftsstandort-ostfriesland.de\/wp-content\/uploads\/2023\/11\/Bernard-Meyer-1.jpg","width":2560,"height":1675,"caption":"Bernard Meyer"},{"@type":"BreadcrumbList","@id":"https:\/\/wirtschaftsstandort-ostfriesland.de\/en\/people-of-the-region\/bernard-meyer\/#breadcrumb","itemListElement":[{"@type":"ListItem","position":1,"name":"Startseite","item":"https:\/\/wirtschaftsstandort-ostfriesland.de\/en\/"},{"@type":"ListItem","position":2,"name":"Bernard Meyer"}]},{"@type":"WebSite","@id":"https:\/\/wirtschaftsstandort-ostfriesland.de\/en\/#website","url":"https:\/\/wirtschaftsstandort-ostfriesland.de\/en\/","name":"Wirtschaftsstandort Ostfriesland","description":"","publisher":{"@id":"https:\/\/wirtschaftsstandort-ostfriesland.de\/en\/#organization"},"potentialAction":[{"@type":"SearchAction","target":{"@type":"EntryPoint","urlTemplate":"https:\/\/wirtschaftsstandort-ostfriesland.de\/en\/?s={search_term_string}"},"query-input":{"@type":"PropertyValueSpecification","valueRequired":true,"valueName":"search_term_string"}}],"inLanguage":"en-US"},{"@type":"Organization","@id":"https:\/\/wirtschaftsstandort-ostfriesland.de\/en\/#organization","name":"Wirtschaftsstandort Ostfriesland","url":"https:\/\/wirtschaftsstandort-ostfriesland.de\/en\/","logo":{"@type":"ImageObject","inLanguage":"en-US","@id":"https:\/\/wirtschaftsstandort-ostfriesland.de\/en\/#\/schema\/logo\/image\/","url":"https:\/\/wirtschaftsstandort-ostfriesland.de\/wp-content\/uploads\/2023\/10\/wsto_ostfriesland_papenburg_750x250.gif","contentUrl":"https:\/\/wirtschaftsstandort-ostfriesland.de\/wp-content\/uploads\/2023\/10\/wsto_ostfriesland_papenburg_750x250.gif","width":750,"height":250,"caption":"Wirtschaftsstandort Ostfriesland"},"image":{"@id":"https:\/\/wirtschaftsstandort-ostfriesland.de\/en\/#\/schema\/logo\/image\/"}},{"@type":"Person","@id":"https:\/\/wirtschaftsstandort-ostfriesland.de\/en\/#\/schema\/person\/9733755caf1c6034353e3a4f792f566d","name":"Alke zur M\u00fchlen","image":{"@type":"ImageObject","inLanguage":"en-US","@id":"https:\/\/secure.gravatar.com\/avatar\/6f4ae664f3e8505b06febbe03f152807bf5af9be71980d10656abce40430b678?s=96&d=mm&r=g","url":"https:\/\/secure.gravatar.com\/avatar\/6f4ae664f3e8505b06febbe03f152807bf5af9be71980d10656abce40430b678?s=96&d=mm&r=g","contentUrl":"https:\/\/secure.gravatar.com\/avatar\/6f4ae664f3e8505b06febbe03f152807bf5af9be71980d10656abce40430b678?s=96&d=mm&r=g","caption":"Alke zur M\u00fchlen"},"url":"https:\/\/wirtschaftsstandort-ostfriesland.de\/en\/author\/alke-zur-muehlen\/"}]}},"_links":{"self":[{"href":"https:\/\/wirtschaftsstandort-ostfriesland.de\/en\/wp-json\/wp\/v2\/posts\/1404","targetHints":{"allow":["GET"]}}],"collection":[{"href":"https:\/\/wirtschaftsstandort-ostfriesland.de\/en\/wp-json\/wp\/v2\/posts"}],"about":[{"href":"https:\/\/wirtschaftsstandort-ostfriesland.de\/en\/wp-json\/wp\/v2\/types\/post"}],"author":[{"embeddable":true,"href":"https:\/\/wirtschaftsstandort-ostfriesland.de\/en\/wp-json\/wp\/v2\/users\/11"}],"replies":[{"embeddable":true,"href":"https:\/\/wirtschaftsstandort-ostfriesland.de\/en\/wp-json\/wp\/v2\/comments?post=1404"}],"version-history":[{"count":9,"href":"https:\/\/wirtschaftsstandort-ostfriesland.de\/en\/wp-json\/wp\/v2\/posts\/1404\/revisions"}],"predecessor-version":[{"id":4004,"href":"https:\/\/wirtschaftsstandort-ostfriesland.de\/en\/wp-json\/wp\/v2\/posts\/1404\/revisions\/4004"}],"wp:featuredmedia":[{"embeddable":true,"href":"https:\/\/wirtschaftsstandort-ostfriesland.de\/en\/wp-json\/wp\/v2\/media\/3740"}],"wp:attachment":[{"href":"https:\/\/wirtschaftsstandort-ostfriesland.de\/en\/wp-json\/wp\/v2\/media?parent=1404"}],"wp:term":[{"taxonomy":"category","embeddable":true,"href":"https:\/\/wirtschaftsstandort-ostfriesland.de\/en\/wp-json\/wp\/v2\/categories?post=1404"},{"taxonomy":"post_tag","embeddable":true,"href":"https:\/\/wirtschaftsstandort-ostfriesland.de\/en\/wp-json\/wp\/v2\/tags?post=1404"}],"curies":[{"name":"wp","href":"https:\/\/api.w.org\/{rel}","templated":true}]}}