{"id":1431,"date":"2023-11-02T10:55:36","date_gmt":"2023-11-02T09:55:36","guid":{"rendered":"https:\/\/wirtschaftsstandort-ostfriesland.de\/?p=1431"},"modified":"2023-12-19T13:38:15","modified_gmt":"2023-12-19T12:38:15","slug":"juergen-zeschky","status":"publish","type":"post","link":"https:\/\/wirtschaftsstandort-ostfriesland.de\/en\/people-of-the-region\/juergen-zeschky\/","title":{"rendered":"J\u00fcrgen Zeschky"},"content":{"rendered":"\t\t<div data-elementor-type=\"wp-post\" data-elementor-id=\"1431\" class=\"elementor elementor-1431 elementor-1430\" data-elementor-post-type=\"post\">\n\t\t\t\t<div class=\"elementor-element elementor-element-d03ec5b e-flex e-con-boxed e-con e-parent\" data-id=\"d03ec5b\" data-element_type=\"container\" data-e-type=\"container\" data-settings=\"{&quot;background_background&quot;:&quot;gradient&quot;}\">\n\t\t\t\t\t<div class=\"e-con-inner\">\n\t\t<div class=\"elementor-element elementor-element-bf524a8 e-con-full e-flex e-con e-child\" data-id=\"bf524a8\" data-element_type=\"container\" data-e-type=\"container\">\n\t\t\t\t<div class=\"elementor-element elementor-element-c1bc859 elementor-widget elementor-widget-heading\" data-id=\"c1bc859\" data-element_type=\"widget\" data-e-type=\"widget\" data-widget_type=\"heading.default\">\n\t\t\t\t<div class=\"elementor-widget-container\">\n\t\t\t\t\t<h2 class=\"elementor-heading-title elementor-size-default\">\u201cClimate neutrality will only work if we focus on the renewables.\u201d<\/h2>\t\t\t\t<\/div>\n\t\t\t\t<\/div>\n\t\t\t\t<div class=\"elementor-element elementor-element-9cf1715 elementor-widget elementor-widget-text-editor\" data-id=\"9cf1715\" data-element_type=\"widget\" data-e-type=\"widget\" data-widget_type=\"text-editor.default\">\n\t\t\t\t<div class=\"elementor-widget-container\">\n\t\t\t\t\t\t\t\t\t<p>The wind energy industry has been through hard times. Anyone who still talks about \u201cfantastic prospects\u201d must have plenty of experience paired with a good portion of healthy optimism. Just like J\u00fcrgen Zeschky, since 1 January 2022 CEO at ENERCON, the wind turbine manufacturer in Aurich.  <\/p>\n\t\t\t\t\t\t\t\t<\/div>\n\t\t\t\t<\/div>\n\t\t\t\t<\/div>\n\t\t<div class=\"elementor-element elementor-element-addc038 e-con-full e-flex e-con e-child\" data-id=\"addc038\" data-element_type=\"container\" data-e-type=\"container\">\n\t\t\t\t<div class=\"elementor-element elementor-element-153aae4 elementor-widget elementor-widget-image\" data-id=\"153aae4\" data-element_type=\"widget\" data-e-type=\"widget\" data-widget_type=\"image.default\">\n\t\t\t\t<div class=\"elementor-widget-container\">\n\t\t\t\t\t\t\t\t\t\t\t\t<figure class=\"wp-caption\">\n\t\t\t\t\t\t\t\t\t\t<img fetchpriority=\"high\" decoding=\"async\" width=\"768\" height=\"543\" src=\"https:\/\/wirtschaftsstandort-ostfriesland.de\/wp-content\/uploads\/2023\/11\/E-175-EP5-768x543.jpg\" class=\"attachment-medium_large size-medium_large wp-image-1439\" alt=\"\" srcset=\"https:\/\/wirtschaftsstandort-ostfriesland.de\/wp-content\/uploads\/2023\/11\/E-175-EP5-768x543.jpg 768w, https:\/\/wirtschaftsstandort-ostfriesland.de\/wp-content\/uploads\/2023\/11\/E-175-EP5-300x212.jpg 300w, https:\/\/wirtschaftsstandort-ostfriesland.de\/wp-content\/uploads\/2023\/11\/E-175-EP5-1024x724.jpg 1024w, https:\/\/wirtschaftsstandort-ostfriesland.de\/wp-content\/uploads\/2023\/11\/E-175-EP5-1536x1086.jpg 1536w, https:\/\/wirtschaftsstandort-ostfriesland.de\/wp-content\/uploads\/2023\/11\/E-175-EP5-2048x1448.jpg 2048w\" sizes=\"(max-width: 768px) 100vw, 768px\" \/>\t\t\t\t\t\t\t\t\t\t\t<figcaption class=\"widget-image-caption wp-caption-text\">Foto: ENERCON<\/figcaption>\n\t\t\t\t\t\t\t\t\t\t<\/figure>\n\t\t\t\t\t\t\t\t\t<\/div>\n\t\t\t\t<\/div>\n\t\t\t\t<\/div>\n\t\t\t\t\t<\/div>\n\t\t\t\t<\/div>\n\t\t<div class=\"elementor-element elementor-element-9db637d e-flex e-con-boxed e-con e-parent\" data-id=\"9db637d\" data-element_type=\"container\" data-e-type=\"container\">\n\t\t\t\t\t<div class=\"e-con-inner\">\n\t\t\t\t<div class=\"elementor-element elementor-element-1a36ec8 elementor-widget elementor-widget-text-editor\" data-id=\"1a36ec8\" data-element_type=\"widget\" data-e-type=\"widget\" data-widget_type=\"text-editor.default\">\n\t\t\t\t<div class=\"elementor-widget-container\">\n\t\t\t\t\t\t\t\t\t<p>Life as a pensioner could be so good. Today he could read a good book. Then perhaps go for a nice long ride on his motorbike. Or what about getting that gliding licence and seeing the world from the bird\u2019s eye view? Instead, J\u00fcrgen Zeschky can be found at his desk in a smart office on the outskirts of Aurich, working on the future of ENERCON. No sign of retirement.     <\/p>\n<p>It was a dream that lasted no more than eight days. \u201cI\u2019d just resigned from being CEO at Hoerbiger Holding in Switzerland, when on day nine of my retirement I got a call from Ostfriesland\u201d, recalls the manager, born in 1960 in North Rhine-Westphalia. On the phone was Heiko Janssen, chairman of the board of the Aloys Wobben Foundation. The foundation set up in Aurich in 2012 by wind energy pioneer Aloys Wobben in Aurich is the sole owner of the turbine manufacturer.   <\/p>\n\t\t\t\t\t\t\t\t<\/div>\n\t\t\t\t<\/div>\n\t\t\t\t\t<\/div>\n\t\t\t\t<\/div>\n\t\t<div class=\"elementor-element elementor-element-b0c7319 e-flex e-con-boxed e-con e-parent\" data-id=\"b0c7319\" data-element_type=\"container\" data-e-type=\"container\">\n\t\t\t\t\t<div class=\"e-con-inner\">\n\t\t<div class=\"elementor-element elementor-element-5c73901 e-con-full e-flex e-con e-child\" data-id=\"5c73901\" data-element_type=\"container\" data-e-type=\"container\">\n\t\t\t\t<div class=\"elementor-element elementor-element-6548227 elementor-widget elementor-widget-image\" data-id=\"6548227\" data-element_type=\"widget\" data-e-type=\"widget\" data-widget_type=\"image.default\">\n\t\t\t\t<div class=\"elementor-widget-container\">\n\t\t\t\t\t\t\t\t\t\t\t\t<figure class=\"wp-caption\">\n\t\t\t\t\t\t\t\t\t\t<img decoding=\"async\" width=\"768\" height=\"1152\" src=\"https:\/\/wirtschaftsstandort-ostfriesland.de\/wp-content\/uploads\/2023\/11\/Juergen-Zeschky-3-768x1152.jpg\" class=\"attachment-medium_large size-medium_large wp-image-3977\" alt=\"J\u00fcrgen Zeschky\" srcset=\"https:\/\/wirtschaftsstandort-ostfriesland.de\/wp-content\/uploads\/2023\/11\/Juergen-Zeschky-3-768x1152.jpg 768w, https:\/\/wirtschaftsstandort-ostfriesland.de\/wp-content\/uploads\/2023\/11\/Juergen-Zeschky-3-200x300.jpg 200w, https:\/\/wirtschaftsstandort-ostfriesland.de\/wp-content\/uploads\/2023\/11\/Juergen-Zeschky-3-683x1024.jpg 683w, https:\/\/wirtschaftsstandort-ostfriesland.de\/wp-content\/uploads\/2023\/11\/Juergen-Zeschky-3-1024x1536.jpg 1024w\" sizes=\"(max-width: 768px) 100vw, 768px\" \/>\t\t\t\t\t\t\t\t\t\t\t<figcaption class=\"widget-image-caption wp-caption-text\">J\u00fcrgen Zeschky<\/figcaption>\n\t\t\t\t\t\t\t\t\t\t<\/figure>\n\t\t\t\t\t\t\t\t\t<\/div>\n\t\t\t\t<\/div>\n\t\t\t\t<\/div>\n\t\t<div class=\"elementor-element elementor-element-8a23d2c e-con-full e-flex e-con e-child\" data-id=\"8a23d2c\" data-element_type=\"container\" data-e-type=\"container\">\n\t\t\t\t<div class=\"elementor-element elementor-element-0bd58bb elementor-widget elementor-widget-heading\" data-id=\"0bd58bb\" data-element_type=\"widget\" data-e-type=\"widget\" data-widget_type=\"heading.default\">\n\t\t\t\t<div class=\"elementor-widget-container\">\n\t\t\t\t\t<h3 class=\"elementor-heading-title elementor-size-default\">Ray of hope for a whole region<\/h3>\t\t\t\t<\/div>\n\t\t\t\t<\/div>\n\t\t\t\t<div class=\"elementor-element elementor-element-727e80e elementor-widget elementor-widget-text-editor\" data-id=\"727e80e\" data-element_type=\"widget\" data-e-type=\"widget\" data-widget_type=\"text-editor.default\">\n\t\t\t\t<div class=\"elementor-widget-container\">\n\t\t\t\t\t\t\t\t\t<p>Enercon is not just any old firm in Ostfriesland, but an institution whose impact extends way beyond the borders of the region. As Germany\u2019s largest wind turbine manufacturer (market share in excess of 35 percent), since it was founded the company had installed more than 13,500 wind turbines by the end of 2021 alone, with a total output of more than 25 gigawatts. ENERCON has also been setting international standards for almost more than 40 years. The company in Aurich holds more than 45 percent of the worldwide patents in the field of wind energy technology, providing work for more than 13,000 employees throughout the entire firm.  <\/p>\n<p>But Aloys Wobben and his lifework created far more than just a flourishing company of international renown. For decades, ENERCON has also been the ray of hope for economic development in what is still a structurally underdeveloped region, <br \/>as well as playing a highly symbolic role in terms of future energy generation.<\/p>\n<p>When politicians emphasise the significant role played by the \u201cenergy state Lower Saxony\u201d in terms of the national energy supply, most of them are thinking about the huge wind farms spread out right across the federal state. In fact, at the end of March 2022, statistics provided by the non-profit specialist agency \u201cWind Energy on Land\u201d indicated that 6,106 of the 28,204 wind turbines operating in Germany can be found in here in the state between the North Sea coast and the Harz mountains. Lower Saxony also leads the ranking in terms of capacity. 11,661 of 56,200 megawatts are installed here. The other federal states follow at a good distance.    <\/p>\n\t\t\t\t\t\t\t\t<\/div>\n\t\t\t\t<\/div>\n\t\t\t\t<\/div>\n\t\t\t\t\t<\/div>\n\t\t\t\t<\/div>\n\t\t<div class=\"elementor-element elementor-element-e001800 e-flex e-con-boxed e-con e-parent\" data-id=\"e001800\" data-element_type=\"container\" data-e-type=\"container\">\n\t\t\t\t\t<div class=\"e-con-inner\">\n\t\t\t\t<div class=\"elementor-element elementor-element-f279ca5 elementor-widget elementor-widget-heading\" data-id=\"f279ca5\" data-element_type=\"widget\" data-e-type=\"widget\" data-widget_type=\"heading.default\">\n\t\t\t\t<div class=\"elementor-widget-container\">\n\t\t\t\t\t<h3 class=\"elementor-heading-title elementor-size-default\">CEO casting by phone<\/h3>\t\t\t\t<\/div>\n\t\t\t\t<\/div>\n\t\t\t\t\t<\/div>\n\t\t\t\t<\/div>\n\t\t<div class=\"elementor-element elementor-element-1857c6b e-flex e-con-boxed e-con e-parent\" data-id=\"1857c6b\" data-element_type=\"container\" data-e-type=\"container\">\n\t\t\t\t\t<div class=\"e-con-inner\">\n\t\t\t\t<div class=\"elementor-element elementor-element-5a08b97 elementor-widget elementor-widget-text-editor\" data-id=\"5a08b97\" data-element_type=\"widget\" data-e-type=\"widget\" data-widget_type=\"text-editor.default\">\n\t\t\t\t<div class=\"elementor-widget-container\">\n\t\t\t\t\t\t\t\t\t<p>Back to Heiko Janssen. In autumn 2021, the chairman of the board of the Aloys Wobben Foundation was on the lookout for a suitable successor for his namesake and ENERCON CEO Momme Janssen, who had unexpectedly announced he would be leaving the company at the end of the year for personal reasons.  <\/p>\n<p>Given J\u00fcrgen Zeschky\u2019s career to date, it was no great surprise that he topped the list of candidates. The holder of a doctorate in mechanical engineering had begun his career working for the compressed air specialist Mannesmann Demag before moving to a Siemens subsidiary in New Jersey\/USA. In October 2004 he started working for machine manufacturer Voith Turbo, where he became CEO only three months later. <\/p>\n<p>\u201cI was just lucky that over the years I kept on coming across people who had confidence in me\u201d, says Zeschky looking back. And his luck still hadn\u2019t run out. In March 2012, he had his first encounter with the wind energy industry as CEA with the wind turbine manufacturer Nordex in Hamburg, but left the company again at the end of May 2015. A seven-month break was followed on 1 January 2016 by joining the Swiss company Hoerbiger Holding, where he was appointed new CEO and chairman of the board in the middle of the year.   <\/p>\n\t\t\t\t\t\t\t\t<\/div>\n\t\t\t\t<\/div>\n\t\t\t\t\t<\/div>\n\t\t\t\t<\/div>\n\t\t<div class=\"elementor-element elementor-element-83641d4 e-flex e-con-boxed e-con e-parent\" data-id=\"83641d4\" data-element_type=\"container\" data-e-type=\"container\">\n\t\t\t\t\t<div class=\"e-con-inner\">\n\t\t\t\t<div class=\"elementor-element elementor-element-ee9ffad elementor-widget elementor-widget-image\" data-id=\"ee9ffad\" data-element_type=\"widget\" data-e-type=\"widget\" data-widget_type=\"image.default\">\n\t\t\t\t<div class=\"elementor-widget-container\">\n\t\t\t\t\t\t\t\t\t\t\t\t<figure class=\"wp-caption\">\n\t\t\t\t\t\t\t\t\t\t<img decoding=\"async\" width=\"768\" height=\"527\" src=\"https:\/\/wirtschaftsstandort-ostfriesland.de\/wp-content\/uploads\/2023\/11\/2023-05-17-11_10_38-weltleitmesse-wind-energy-enercon-zeschky-\u2013-Google-Suche-768x527.png\" class=\"attachment-medium_large size-medium_large wp-image-1441\" alt=\"Robert Habeck, Vizekanzler und Bundesminister f\u00fcr Wirtschaft und Klimaschutz, enth\u00fcllt auf der Hamburg WindEnergy 2022 gemeinsam mit Dr. J\u00fcrgen Zeschky die neue E-175 EP5 von ENERCON.\" srcset=\"https:\/\/wirtschaftsstandort-ostfriesland.de\/wp-content\/uploads\/2023\/11\/2023-05-17-11_10_38-weltleitmesse-wind-energy-enercon-zeschky-\u2013-Google-Suche-768x527.png 768w, https:\/\/wirtschaftsstandort-ostfriesland.de\/wp-content\/uploads\/2023\/11\/2023-05-17-11_10_38-weltleitmesse-wind-energy-enercon-zeschky-\u2013-Google-Suche-300x206.png 300w, https:\/\/wirtschaftsstandort-ostfriesland.de\/wp-content\/uploads\/2023\/11\/2023-05-17-11_10_38-weltleitmesse-wind-energy-enercon-zeschky-\u2013-Google-Suche.png 803w\" sizes=\"(max-width: 768px) 100vw, 768px\" \/>\t\t\t\t\t\t\t\t\t\t\t<figcaption class=\"widget-image-caption wp-caption-text\">Robert Habeck, Vice Chancellor and Federal Minister for Economic Affairs and Climate Action, unveils the new E-175 EP5 from ENERCON together with Dr. J\u00fcrgen Zeschky at Hamburg WindEnergy 2022.<\/figcaption>\n\t\t\t\t\t\t\t\t\t\t<\/figure>\n\t\t\t\t\t\t\t\t\t<\/div>\n\t\t\t\t<\/div>\n\t\t\t\t\t<\/div>\n\t\t\t\t<\/div>\n\t\t<div class=\"elementor-element elementor-element-4f57645 e-flex e-con-boxed e-con e-parent\" data-id=\"4f57645\" data-element_type=\"container\" data-e-type=\"container\">\n\t\t\t\t\t<div class=\"e-con-inner\">\n\t\t\t\t<div class=\"elementor-element elementor-element-c8531c4 elementor-widget elementor-widget-heading\" data-id=\"c8531c4\" data-element_type=\"widget\" data-e-type=\"widget\" data-widget_type=\"heading.default\">\n\t\t\t\t<div class=\"elementor-widget-container\">\n\t\t\t\t\t<h3 class=\"elementor-heading-title elementor-size-default\">From the Swiss mountains to the North Sea coast<\/h3>\t\t\t\t<\/div>\n\t\t\t\t<\/div>\n\t\t\t\t\t<\/div>\n\t\t\t\t<\/div>\n\t\t<div class=\"elementor-element elementor-element-03fccf5 e-flex e-con-boxed e-con e-parent\" data-id=\"03fccf5\" data-element_type=\"container\" data-e-type=\"container\">\n\t\t\t\t\t<div class=\"e-con-inner\">\n\t\t\t\t<div class=\"elementor-element elementor-element-9bac38d elementor-widget elementor-widget-text-editor\" data-id=\"9bac38d\" data-element_type=\"widget\" data-e-type=\"widget\" data-widget_type=\"text-editor.default\">\n\t\t\t\t<div class=\"elementor-widget-container\">\n\t\t\t\t\t\t\t\t\t<p>To cut a long story short, Heiko Janssen\u2019s phone call went well. And after brief discussions with the family, J\u00fcrgen Zeschky decided \u201cto go ahead with the Ostfriesland adventure\u201d, regardless of any plans to retire. Pleasant side effect: this brought him closer to the children and grandchildren living in Hamburg.  <\/p>\n<p>On 12 November 2021, the news tickers brought the announcement that the CEO casting had been brought to a successful conclusion. In his statement, Janssen referred to Zeschky as \u201can experienced industry insider and proven technical expertise with many years of management <br \/>experience\u201d. That made him exactly the right man to deal with the ambitious tasks of the years ahead: \u201cHe will continue the realignment of the company with unchanged objectives and priority, working together with the ENERCON team to make a success of it.\u201d Without doubt, the bar was set high. <\/p>\n<p>Zeschky waived the need for a lengthy familiarisation period. He threw himself into the job immediately. To warrant continuity in the ongoing processes, he already got to work with his predecessor a few weeks before officially  <br \/>taking office at the start of the year in order to start getting things straight, sounding out the prospects and creating the prerequisites to overcome the pending challenges.<\/p>\n<p>There is no doubt that this was necessary, for the new helmsman was taking charge in Aurich in complicated circumstances for the industry. Years of positive development were followed in 2018 by a sudden end to the boom. While in 2017 wind farms with a total output of 6.6 gigawatts were built in Germany, one year later the figure was practically halved. The Grand Coalition in charge of the national government at the time changed the system of subsidies for expanding renewable energies in order to cap expenditure for the energy transition and protect the big utility companies. From then on, the construction of new wind farms was subject to nationwide tendering procedures.    <\/p>\n\t\t\t\t\t\t\t\t<\/div>\n\t\t\t\t<\/div>\n\t\t\t\t\t<\/div>\n\t\t\t\t<\/div>\n\t\t<div class=\"elementor-element elementor-element-28aad54 e-flex e-con-boxed e-con e-parent\" data-id=\"28aad54\" data-element_type=\"container\" data-e-type=\"container\">\n\t\t\t\t\t<div class=\"e-con-inner\">\n\t\t\t\t<div class=\"elementor-element elementor-element-f22cfd5 elementor-widget elementor-widget-heading\" data-id=\"f22cfd5\" data-element_type=\"widget\" data-e-type=\"widget\" data-widget_type=\"heading.default\">\n\t\t\t\t<div class=\"elementor-widget-container\">\n\t\t\t\t\t<h3 class=\"elementor-heading-title elementor-size-default\">Fantastic prospects ahead<\/h3>\t\t\t\t<\/div>\n\t\t\t\t<\/div>\n\t\t\t\t\t<\/div>\n\t\t\t\t<\/div>\n\t\t<div class=\"elementor-element elementor-element-251d69c e-flex e-con-boxed e-con e-parent\" data-id=\"251d69c\" data-element_type=\"container\" data-e-type=\"container\">\n\t\t\t\t\t<div class=\"e-con-inner\">\n\t\t\t\t<div class=\"elementor-element elementor-element-cf829bf elementor-widget elementor-widget-text-editor\" data-id=\"cf829bf\" data-element_type=\"widget\" data-e-type=\"widget\" data-widget_type=\"text-editor.default\">\n\t\t\t\t<div class=\"elementor-widget-container\">\n\t\t\t\t\t\t\t\t\t<p>Costs were another factor. Producing the wind turbine parts in Germany is (too) expensive in a global comparison. Zeschky knew \u201cthat\u2019s something we\u2019ve got to deal with.\u201d \u2018We\u2019 here refers to the industry in general and ENERCON in particular.    The manager also mentions a key problem: \u201cUp to now, the risks in the industry were very unevenly distributed to the detriment almost entirely of the manufacturers\u201d. This was never a real problem while the risks were calculable. \u201cBut what about when steel suddenly costs twice as much, or logistics systems no longer work?\u201d Then companies like ENERCON are left carrying   <br \/>the can.<\/p>\n<p>But all his experience made J\u00fcrgen Zeschky confident nevertheless. In summer 2022 at the WindEnergy Hamburg, the world\u2019s flagship fair of the wind industry, he even ventured to speak of \u201cfantastic prospects\u201d for the industry. His optimism came above all from the goal of climate neutrality \u201cThe only way to reach this as planned is to focus all efforts on expanding wind energy.\u201d Wind power is expected to assume a central role in the production of green hydrogen.   <\/p>\n<p>At least the German government was now back on board again. An immediate energy action programme was adopted at Easter 2022. This stated among others: \u201cThe expansion of renewable energies and the grids will be accelerated by removing obstacles and streamlining the planning and approval processes.\u201d Efforts to become independent of Russian gas and oil in clear response to the war in Ukraine also made a positive contribution to the positive expectations. \u201cAlthough we could really have done without this shock\u201d, admits Zeschky.    <\/p>\n\t\t\t\t\t\t\t\t<\/div>\n\t\t\t\t<\/div>\n\t\t\t\t\t<\/div>\n\t\t\t\t<\/div>\n\t\t<div class=\"elementor-element elementor-element-6d77602 e-flex e-con-boxed e-con e-parent\" data-id=\"6d77602\" data-element_type=\"container\" data-e-type=\"container\">\n\t\t\t\t\t<div class=\"e-con-inner\">\n\t\t\t\t<div class=\"elementor-element elementor-element-83a2c11 elementor-widget elementor-widget-heading\" data-id=\"83a2c11\" data-element_type=\"widget\" data-e-type=\"widget\" data-widget_type=\"heading.default\">\n\t\t\t\t<div class=\"elementor-widget-container\">\n\t\t\t\t\t<h3 class=\"elementor-heading-title elementor-size-default\">Homework first<\/h3>\t\t\t\t<\/div>\n\t\t\t\t<\/div>\n\t\t\t\t\t<\/div>\n\t\t\t\t<\/div>\n\t\t<div class=\"elementor-element elementor-element-69b2c96 e-flex e-con-boxed e-con e-parent\" data-id=\"69b2c96\" data-element_type=\"container\" data-e-type=\"container\">\n\t\t\t\t\t<div class=\"e-con-inner\">\n\t\t\t\t<div class=\"elementor-element elementor-element-48735cd elementor-widget elementor-widget-text-editor\" data-id=\"48735cd\" data-element_type=\"widget\" data-e-type=\"widget\" data-widget_type=\"text-editor.default\">\n\t\t\t\t<div class=\"elementor-widget-container\">\n\t\t\t\t\t\t\t\t\t<p>However, the ENERCON boss doesn\u2019t want to rely on politics to deal with the situation and set the right course. \u201cFirst of all we have to do our homework and adjust to the new conditions.\u201d First steps have been taken.  <br \/>After struggling to cope with the downturn and its consequences, the employees are motivated again and have put the \u201cbanishment from paradise\u201d behind them, as Zeschky describes the end of the pre-2017 boom. Now it\u2019s a case of putting objectives in plain terms and getting on with the work involved. <\/p>\n<p>That certainly does not sound like retirement any time soon.<\/p>\n\t\t\t\t\t\t\t\t<\/div>\n\t\t\t\t<\/div>\n\t\t\t\t\t<\/div>\n\t\t\t\t<\/div>\n\t\t<div class=\"elementor-element elementor-element-18718ea e-flex e-con-boxed e-con e-parent\" data-id=\"18718ea\" data-element_type=\"container\" data-e-type=\"container\">\n\t\t\t\t\t<div class=\"e-con-inner\">\n\t\t<div class=\"elementor-element elementor-element-4dec91f e-con-full e-flex e-con e-child\" data-id=\"4dec91f\" data-element_type=\"container\" data-e-type=\"container\" data-settings=\"{&quot;background_background&quot;:&quot;gradient&quot;}\">\n\t\t\t\t<div class=\"elementor-element elementor-element-4765a0b elementor-widget elementor-widget-heading\" data-id=\"4765a0b\" data-element_type=\"widget\" data-e-type=\"widget\" data-widget_type=\"heading.default\">\n\t\t\t\t<div class=\"elementor-widget-container\">\n\t\t\t\t\t<h4 class=\"elementor-heading-title elementor-size-default\">ENERCON GmbH<\/h4>\t\t\t\t<\/div>\n\t\t\t\t<\/div>\n\t\t\t\t<div class=\"elementor-element elementor-element-4ddd8d1 blauer-block elementor-widget elementor-widget-text-editor\" data-id=\"4ddd8d1\" data-element_type=\"widget\" data-e-type=\"widget\" data-widget_type=\"text-editor.default\">\n\t\t\t\t<div class=\"elementor-widget-container\">\n\t\t\t\t\t\t\t\t\t<p>Phone: <a href=\"tel:049419270\">04941 927-0<\/a><\/p>\n<p>E-Mail: <a href=\"mailto:info@enercon.de\">info@enercon.de<\/a><\/p>\n<p>Web:<a href=\"https:\/\/www.enercon.de\/de\/home\/\"> www.enercon.de<\/a><\/p>\n\t\t\t\t\t\t\t\t<\/div>\n\t\t\t\t<\/div>\n\t\t\t\t<div class=\"elementor-element elementor-element-1c55669 elementor-align-left elementor-widget elementor-widget-button\" data-id=\"1c55669\" data-element_type=\"widget\" data-e-type=\"widget\" data-widget_type=\"button.default\">\n\t\t\t\t<div class=\"elementor-widget-container\">\n\t\t\t\t\t\t\t\t\t<div class=\"elementor-button-wrapper\">\n\t\t\t\t\t<a class=\"elementor-button elementor-button-link elementor-size-sm\" href=\"https:\/\/wirtschaftsstandort-ostfriesland.de\/en\/user\/enercon\/\">\n\t\t\t\t\t\t<span class=\"elementor-button-content-wrapper\">\n\t\t\t\t\t\t\t\t\t<span class=\"elementor-button-text\">company profile<\/span>\n\t\t\t\t\t<\/span>\n\t\t\t\t\t<\/a>\n\t\t\t\t<\/div>\n\t\t\t\t\t\t\t\t<\/div>\n\t\t\t\t<\/div>\n\t\t\t\t<\/div>\n\t\t\t\t<div class=\"elementor-element elementor-element-c007404 elementor-widget elementor-widget-google_maps\" data-id=\"c007404\" data-element_type=\"widget\" data-e-type=\"widget\" data-widget_type=\"google_maps.default\">\n\t\t\t\t<div class=\"elementor-widget-container\">\n\t\t\t\t\t\t\t<div class=\"elementor-custom-embed\">\n\t\t\t <div class=\"brlbs-cmpnt-container brlbs-cmpnt-content-blocker brlbs-cmpnt-with-individual-styles\" data-borlabs-cookie-content-blocker-id=\"default\" data-borlabs-cookie-content=\"PGlmcmFtZSBsb2FkaW5nPSJsYXp5IgoJCQkJCXNyYz0iaHR0cHM6Ly9tYXBzLmdvb2dsZS5jb20vbWFwcz9xPUVuZXJjb24lMjBHbWJIJTIwQXVyaWNoJiMwMzg7dD1tJiMwMzg7ej0xMCYjMDM4O291dHB1dD1lbWJlZCYjMDM4O2l3bG9jPW5lYXIiCgkJCQkJdGl0bGU9IkVuZXJjb24gR21iSCBBdXJpY2giCgkJCQkJYXJpYS1sYWJlbD0iRW5lcmNvbiBHbWJIIEF1cmljaCIKCQkJPjwvaWZyYW1lPg==\"><div class=\"brlbs-cmpnt-cb-preset-a\"> <p class=\"brlbs-cmpnt-cb-description\">Sie sehen gerade einen Platzhalterinhalt von <strong>Standard<\/strong>. Um auf den eigentlichen Inhalt zuzugreifen, klicken Sie auf den Button unten. Bitte beachten Sie, dass dabei Daten an Drittanbieter weitergegeben werden.<\/p> <div class=\"brlbs-cmpnt-cb-buttons\"> <a class=\"brlbs-cmpnt-cb-btn\" href=\"#\" data-borlabs-cookie-unblock role=\"button\">Inhalt entsperren<\/a> <a class=\"brlbs-cmpnt-cb-btn\" href=\"#\" data-borlabs-cookie-accept-service role=\"button\" style=\"display: none\">Erforderlichen Service akzeptieren und Inhalte entsperren<\/a> <\/div> <a class=\"brlbs-cmpnt-cb-provider-toggle\" href=\"#\" data-borlabs-cookie-show-provider-information role=\"button\">Mehr Informationen<\/a> <\/div><\/div>\n\t\t<\/div>\n\t\t\t\t\t\t<\/div>\n\t\t\t\t<\/div>\n\t\t\t\t\t<\/div>\n\t\t\t\t<\/div>\n\t\t<div class=\"elementor-element elementor-element-e5ec851 e-flex e-con-boxed e-con e-parent\" data-id=\"e5ec851\" data-element_type=\"container\" data-e-type=\"container\">\n\t\t\t\t\t<div class=\"e-con-inner\">\n\t\t\t\t<div class=\"elementor-element elementor-element-f01237f elementor-share-buttons--view-icon elementor-share-buttons--skin-minimal elementor-share-buttons--shape-circle elementor-grid-0 elementor-share-buttons--color-official elementor-widget elementor-widget-share-buttons\" data-id=\"f01237f\" data-element_type=\"widget\" data-e-type=\"widget\" data-widget_type=\"share-buttons.default\">\n\t\t\t\t<div class=\"elementor-widget-container\">\n\t\t\t\t\t\t\t<div class=\"elementor-grid\" role=\"list\">\n\t\t\t\t\t\t\t\t<div class=\"elementor-grid-item\" role=\"listitem\">\n\t\t\t\t\t\t<div class=\"elementor-share-btn elementor-share-btn_facebook\" role=\"button\" tabindex=\"0\" aria-label=\"Share on facebook\">\n\t\t\t\t\t\t\t\t\t\t\t\t\t\t\t<span class=\"elementor-share-btn__icon\">\n\t\t\t\t\t\t\t\t<i class=\"fab fa-facebook\" aria-hidden=\"true\"><\/i>\t\t\t\t\t\t\t<\/span>\n\t\t\t\t\t\t\t\t\t\t\t\t\t\t\t\t\t\t\t\t<\/div>\n\t\t\t\t\t<\/div>\n\t\t\t\t\t\t\t\t\t<div class=\"elementor-grid-item\" role=\"listitem\">\n\t\t\t\t\t\t<div class=\"elementor-share-btn elementor-share-btn_linkedin\" role=\"button\" tabindex=\"0\" aria-label=\"Share on linkedin\">\n\t\t\t\t\t\t\t\t\t\t\t\t\t\t\t<span class=\"elementor-share-btn__icon\">\n\t\t\t\t\t\t\t\t<i class=\"fab fa-linkedin\" aria-hidden=\"true\"><\/i>\t\t\t\t\t\t\t<\/span>\n\t\t\t\t\t\t\t\t\t\t\t\t\t\t\t\t\t\t\t\t<\/div>\n\t\t\t\t\t<\/div>\n\t\t\t\t\t\t\t\t\t<div class=\"elementor-grid-item\" role=\"listitem\">\n\t\t\t\t\t\t<div class=\"elementor-share-btn elementor-share-btn_whatsapp\" role=\"button\" tabindex=\"0\" aria-label=\"Share on whatsapp\">\n\t\t\t\t\t\t\t\t\t\t\t\t\t\t\t<span class=\"elementor-share-btn__icon\">\n\t\t\t\t\t\t\t\t<i class=\"fab fa-whatsapp\" aria-hidden=\"true\"><\/i>\t\t\t\t\t\t\t<\/span>\n\t\t\t\t\t\t\t\t\t\t\t\t\t\t\t\t\t\t\t\t<\/div>\n\t\t\t\t\t<\/div>\n\t\t\t\t\t\t\t\t\t<div class=\"elementor-grid-item\" role=\"listitem\">\n\t\t\t\t\t\t<div class=\"elementor-share-btn elementor-share-btn_email\" role=\"button\" tabindex=\"0\" aria-label=\"Share on email\">\n\t\t\t\t\t\t\t\t\t\t\t\t\t\t\t<span class=\"elementor-share-btn__icon\">\n\t\t\t\t\t\t\t\t<i class=\"fas fa-envelope\" aria-hidden=\"true\"><\/i>\t\t\t\t\t\t\t<\/span>\n\t\t\t\t\t\t\t\t\t\t\t\t\t\t\t\t\t\t\t\t<\/div>\n\t\t\t\t\t<\/div>\n\t\t\t\t\t\t\t\t\t<div class=\"elementor-grid-item\" role=\"listitem\">\n\t\t\t\t\t\t<div class=\"elementor-share-btn elementor-share-btn_print\" role=\"button\" tabindex=\"0\" aria-label=\"Share on print\">\n\t\t\t\t\t\t\t\t\t\t\t\t\t\t\t<span class=\"elementor-share-btn__icon\">\n\t\t\t\t\t\t\t\t<i class=\"fas fa-print\" aria-hidden=\"true\"><\/i>\t\t\t\t\t\t\t<\/span>\n\t\t\t\t\t\t\t\t\t\t\t\t\t\t\t\t\t\t\t\t<\/div>\n\t\t\t\t\t<\/div>\n\t\t\t\t\t\t<\/div>\n\t\t\t\t\t\t<\/div>\n\t\t\t\t<\/div>\n\t\t\t\t\t<\/div>\n\t\t\t\t<\/div>\n\t\t\t\t<\/div>\n\t\t","protected":false},"excerpt":{"rendered":"<p>\u201cClimate neutrality will only work if we focus on the renewables.\u201d<\/p>\n","protected":false},"author":9,"featured_media":3738,"comment_status":"closed","ping_status":"closed","sticky":false,"template":"","format":"standard","meta":{"_acf_changed":false,"neve_meta_sidebar":"","neve_meta_container":"","neve_meta_enable_content_width":"","neve_meta_content_width":0,"neve_meta_title_alignment":"","neve_meta_author_avatar":"","neve_post_elements_order":"","neve_meta_disable_header":"","neve_meta_disable_footer":"","neve_meta_disable_title":"","neve_meta_reading_time":"","_themeisle_gutenberg_block_has_review":false,"footnotes":""},"categories":[48,1],"tags":[62,50,69],"class_list":["post-1431","post","type-post","status-publish","format-standard","has-post-thumbnail","hentry","category-people-of-the-region","category-unkategorisiert","tag-papenburg-en","tag-protagonists-of-the-region","tag-wind-power"],"acf":[],"yoast_head":"<!-- This site is optimized with the Yoast SEO plugin v27.4 - https:\/\/yoast.com\/product\/yoast-seo-wordpress\/ -->\n<title>J\u00fcrgen Zeschky - Wirtschaftsstandort Ostfriesland<\/title>\n<meta name=\"description\" content=\"\u201cClimate neutrality will only work if we focus on the renewables.\u201d, says J\u00fcrgen Zeschky, Managing Director of the Aurich-based wind turbine manufacturer ENERCON.\" \/>\n<meta name=\"robots\" content=\"index, follow, max-snippet:-1, max-image-preview:large, max-video-preview:-1\" \/>\n<link rel=\"canonical\" href=\"https:\/\/wirtschaftsstandort-ostfriesland.de\/en\/people-of-the-region\/juergen-zeschky\/\" \/>\n<meta property=\"og:locale\" content=\"en_US\" \/>\n<meta property=\"og:type\" content=\"article\" \/>\n<meta property=\"og:title\" content=\"J\u00fcrgen Zeschky - Wirtschaftsstandort Ostfriesland\" \/>\n<meta property=\"og:description\" content=\"\u201cClimate neutrality will only work if we focus on the renewables.\u201d, says J\u00fcrgen Zeschky, Managing Director of the Aurich-based wind turbine manufacturer ENERCON.\" \/>\n<meta property=\"og:url\" content=\"https:\/\/wirtschaftsstandort-ostfriesland.de\/en\/people-of-the-region\/juergen-zeschky\/\" \/>\n<meta property=\"og:site_name\" content=\"Wirtschaftsstandort Ostfriesland\" \/>\n<meta property=\"article:published_time\" content=\"2023-11-02T09:55:36+00:00\" \/>\n<meta property=\"article:modified_time\" content=\"2023-12-19T12:38:15+00:00\" \/>\n<meta property=\"og:image\" content=\"https:\/\/wirtschaftsstandort-ostfriesland.de\/wp-content\/uploads\/2023\/11\/Juergen-Zeschky-2.jpg\" \/>\n\t<meta property=\"og:image:width\" content=\"2560\" \/>\n\t<meta property=\"og:image:height\" content=\"1675\" \/>\n\t<meta property=\"og:image:type\" content=\"image\/jpeg\" \/>\n<meta name=\"author\" content=\"Claus Spitzer-Ewersmann\" \/>\n<meta name=\"twitter:card\" content=\"summary_large_image\" \/>\n<meta name=\"twitter:label1\" content=\"Written by\" \/>\n\t<meta name=\"twitter:data1\" content=\"Claus Spitzer-Ewersmann\" \/>\n\t<meta name=\"twitter:label2\" content=\"Est. reading time\" \/>\n\t<meta name=\"twitter:data2\" content=\"7 minutes\" \/>\n<script type=\"application\/ld+json\" class=\"yoast-schema-graph\">{\"@context\":\"https:\\\/\\\/schema.org\",\"@graph\":[{\"@type\":\"Article\",\"@id\":\"https:\\\/\\\/wirtschaftsstandort-ostfriesland.de\\\/en\\\/people-of-the-region\\\/juergen-zeschky\\\/#article\",\"isPartOf\":{\"@id\":\"https:\\\/\\\/wirtschaftsstandort-ostfriesland.de\\\/en\\\/people-of-the-region\\\/juergen-zeschky\\\/\"},\"author\":{\"name\":\"Claus Spitzer-Ewersmann\",\"@id\":\"https:\\\/\\\/wirtschaftsstandort-ostfriesland.de\\\/en\\\/#\\\/schema\\\/person\\\/bad8da28b471b178f3e9c56afd3488ab\"},\"headline\":\"J\u00fcrgen Zeschky\",\"datePublished\":\"2023-11-02T09:55:36+00:00\",\"dateModified\":\"2023-12-19T12:38:15+00:00\",\"mainEntityOfPage\":{\"@id\":\"https:\\\/\\\/wirtschaftsstandort-ostfriesland.de\\\/en\\\/people-of-the-region\\\/juergen-zeschky\\\/\"},\"wordCount\":1440,\"publisher\":{\"@id\":\"https:\\\/\\\/wirtschaftsstandort-ostfriesland.de\\\/en\\\/#organization\"},\"image\":{\"@id\":\"https:\\\/\\\/wirtschaftsstandort-ostfriesland.de\\\/en\\\/people-of-the-region\\\/juergen-zeschky\\\/#primaryimage\"},\"thumbnailUrl\":\"https:\\\/\\\/wirtschaftsstandort-ostfriesland.de\\\/wp-content\\\/uploads\\\/2023\\\/11\\\/Juergen-Zeschky-2.jpg\",\"keywords\":[\"Papenburg\",\"Protagonists of the region\",\"Wind power\"],\"articleSection\":[\"People of the region\",\"Unkategorisiert\"],\"inLanguage\":\"en-US\"},{\"@type\":\"WebPage\",\"@id\":\"https:\\\/\\\/wirtschaftsstandort-ostfriesland.de\\\/en\\\/people-of-the-region\\\/juergen-zeschky\\\/\",\"url\":\"https:\\\/\\\/wirtschaftsstandort-ostfriesland.de\\\/en\\\/people-of-the-region\\\/juergen-zeschky\\\/\",\"name\":\"J\u00fcrgen Zeschky - Wirtschaftsstandort Ostfriesland\",\"isPartOf\":{\"@id\":\"https:\\\/\\\/wirtschaftsstandort-ostfriesland.de\\\/en\\\/#website\"},\"primaryImageOfPage\":{\"@id\":\"https:\\\/\\\/wirtschaftsstandort-ostfriesland.de\\\/en\\\/people-of-the-region\\\/juergen-zeschky\\\/#primaryimage\"},\"image\":{\"@id\":\"https:\\\/\\\/wirtschaftsstandort-ostfriesland.de\\\/en\\\/people-of-the-region\\\/juergen-zeschky\\\/#primaryimage\"},\"thumbnailUrl\":\"https:\\\/\\\/wirtschaftsstandort-ostfriesland.de\\\/wp-content\\\/uploads\\\/2023\\\/11\\\/Juergen-Zeschky-2.jpg\",\"datePublished\":\"2023-11-02T09:55:36+00:00\",\"dateModified\":\"2023-12-19T12:38:15+00:00\",\"description\":\"\u201cClimate neutrality will only work if we focus on the renewables.\u201d, says J\u00fcrgen Zeschky, Managing Director of the Aurich-based wind turbine manufacturer ENERCON.\",\"breadcrumb\":{\"@id\":\"https:\\\/\\\/wirtschaftsstandort-ostfriesland.de\\\/en\\\/people-of-the-region\\\/juergen-zeschky\\\/#breadcrumb\"},\"inLanguage\":\"en-US\",\"potentialAction\":[{\"@type\":\"ReadAction\",\"target\":[\"https:\\\/\\\/wirtschaftsstandort-ostfriesland.de\\\/en\\\/people-of-the-region\\\/juergen-zeschky\\\/\"]}]},{\"@type\":\"ImageObject\",\"inLanguage\":\"en-US\",\"@id\":\"https:\\\/\\\/wirtschaftsstandort-ostfriesland.de\\\/en\\\/people-of-the-region\\\/juergen-zeschky\\\/#primaryimage\",\"url\":\"https:\\\/\\\/wirtschaftsstandort-ostfriesland.de\\\/wp-content\\\/uploads\\\/2023\\\/11\\\/Juergen-Zeschky-2.jpg\",\"contentUrl\":\"https:\\\/\\\/wirtschaftsstandort-ostfriesland.de\\\/wp-content\\\/uploads\\\/2023\\\/11\\\/Juergen-Zeschky-2.jpg\",\"width\":2560,\"height\":1675,\"caption\":\"J\u00fcrgen Zeschky\"},{\"@type\":\"BreadcrumbList\",\"@id\":\"https:\\\/\\\/wirtschaftsstandort-ostfriesland.de\\\/en\\\/people-of-the-region\\\/juergen-zeschky\\\/#breadcrumb\",\"itemListElement\":[{\"@type\":\"ListItem\",\"position\":1,\"name\":\"Startseite\",\"item\":\"https:\\\/\\\/wirtschaftsstandort-ostfriesland.de\\\/en\\\/\"},{\"@type\":\"ListItem\",\"position\":2,\"name\":\"J\u00fcrgen Zeschky\"}]},{\"@type\":\"WebSite\",\"@id\":\"https:\\\/\\\/wirtschaftsstandort-ostfriesland.de\\\/en\\\/#website\",\"url\":\"https:\\\/\\\/wirtschaftsstandort-ostfriesland.de\\\/en\\\/\",\"name\":\"Wirtschaftsstandort Ostfriesland\",\"description\":\"\",\"publisher\":{\"@id\":\"https:\\\/\\\/wirtschaftsstandort-ostfriesland.de\\\/en\\\/#organization\"},\"potentialAction\":[{\"@type\":\"SearchAction\",\"target\":{\"@type\":\"EntryPoint\",\"urlTemplate\":\"https:\\\/\\\/wirtschaftsstandort-ostfriesland.de\\\/en\\\/?s={search_term_string}\"},\"query-input\":{\"@type\":\"PropertyValueSpecification\",\"valueRequired\":true,\"valueName\":\"search_term_string\"}}],\"inLanguage\":\"en-US\"},{\"@type\":\"Organization\",\"@id\":\"https:\\\/\\\/wirtschaftsstandort-ostfriesland.de\\\/en\\\/#organization\",\"name\":\"Wirtschaftsstandort Ostfriesland\",\"url\":\"https:\\\/\\\/wirtschaftsstandort-ostfriesland.de\\\/en\\\/\",\"logo\":{\"@type\":\"ImageObject\",\"inLanguage\":\"en-US\",\"@id\":\"https:\\\/\\\/wirtschaftsstandort-ostfriesland.de\\\/en\\\/#\\\/schema\\\/logo\\\/image\\\/\",\"url\":\"https:\\\/\\\/wirtschaftsstandort-ostfriesland.de\\\/wp-content\\\/uploads\\\/2023\\\/10\\\/wsto_ostfriesland_papenburg_750x250.gif\",\"contentUrl\":\"https:\\\/\\\/wirtschaftsstandort-ostfriesland.de\\\/wp-content\\\/uploads\\\/2023\\\/10\\\/wsto_ostfriesland_papenburg_750x250.gif\",\"width\":750,\"height\":250,\"caption\":\"Wirtschaftsstandort Ostfriesland\"},\"image\":{\"@id\":\"https:\\\/\\\/wirtschaftsstandort-ostfriesland.de\\\/en\\\/#\\\/schema\\\/logo\\\/image\\\/\"}},{\"@type\":\"Person\",\"@id\":\"https:\\\/\\\/wirtschaftsstandort-ostfriesland.de\\\/en\\\/#\\\/schema\\\/person\\\/bad8da28b471b178f3e9c56afd3488ab\",\"name\":\"Claus Spitzer-Ewersmann\",\"image\":{\"@type\":\"ImageObject\",\"inLanguage\":\"en-US\",\"@id\":\"https:\\\/\\\/secure.gravatar.com\\\/avatar\\\/81e3b31abb16ac6e6ee2cac707c51eabf601c664f3bd86b29d2926914260cb5e?s=96&d=mm&r=g\",\"url\":\"https:\\\/\\\/secure.gravatar.com\\\/avatar\\\/81e3b31abb16ac6e6ee2cac707c51eabf601c664f3bd86b29d2926914260cb5e?s=96&d=mm&r=g\",\"contentUrl\":\"https:\\\/\\\/secure.gravatar.com\\\/avatar\\\/81e3b31abb16ac6e6ee2cac707c51eabf601c664f3bd86b29d2926914260cb5e?s=96&d=mm&r=g\",\"caption\":\"Claus Spitzer-Ewersmann\"},\"url\":\"https:\\\/\\\/wirtschaftsstandort-ostfriesland.de\\\/en\\\/author\\\/claus-spitzer-ewersmann\\\/\"}]}<\/script>\n<!-- \/ Yoast SEO plugin. -->","yoast_head_json":{"title":"J\u00fcrgen Zeschky - Wirtschaftsstandort Ostfriesland","description":"\u201cClimate neutrality will only work if we focus on the renewables.\u201d, says J\u00fcrgen Zeschky, Managing Director of the Aurich-based wind turbine manufacturer ENERCON.","robots":{"index":"index","follow":"follow","max-snippet":"max-snippet:-1","max-image-preview":"max-image-preview:large","max-video-preview":"max-video-preview:-1"},"canonical":"https:\/\/wirtschaftsstandort-ostfriesland.de\/en\/people-of-the-region\/juergen-zeschky\/","og_locale":"en_US","og_type":"article","og_title":"J\u00fcrgen Zeschky - Wirtschaftsstandort Ostfriesland","og_description":"\u201cClimate neutrality will only work if we focus on the renewables.\u201d, says J\u00fcrgen Zeschky, Managing Director of the Aurich-based wind turbine manufacturer ENERCON.","og_url":"https:\/\/wirtschaftsstandort-ostfriesland.de\/en\/people-of-the-region\/juergen-zeschky\/","og_site_name":"Wirtschaftsstandort Ostfriesland","article_published_time":"2023-11-02T09:55:36+00:00","article_modified_time":"2023-12-19T12:38:15+00:00","og_image":[{"width":2560,"height":1675,"url":"https:\/\/wirtschaftsstandort-ostfriesland.de\/wp-content\/uploads\/2023\/11\/Juergen-Zeschky-2.jpg","type":"image\/jpeg"}],"author":"Claus Spitzer-Ewersmann","twitter_card":"summary_large_image","twitter_misc":{"Written by":"Claus Spitzer-Ewersmann","Est. reading time":"7 minutes"},"schema":{"@context":"https:\/\/schema.org","@graph":[{"@type":"Article","@id":"https:\/\/wirtschaftsstandort-ostfriesland.de\/en\/people-of-the-region\/juergen-zeschky\/#article","isPartOf":{"@id":"https:\/\/wirtschaftsstandort-ostfriesland.de\/en\/people-of-the-region\/juergen-zeschky\/"},"author":{"name":"Claus Spitzer-Ewersmann","@id":"https:\/\/wirtschaftsstandort-ostfriesland.de\/en\/#\/schema\/person\/bad8da28b471b178f3e9c56afd3488ab"},"headline":"J\u00fcrgen Zeschky","datePublished":"2023-11-02T09:55:36+00:00","dateModified":"2023-12-19T12:38:15+00:00","mainEntityOfPage":{"@id":"https:\/\/wirtschaftsstandort-ostfriesland.de\/en\/people-of-the-region\/juergen-zeschky\/"},"wordCount":1440,"publisher":{"@id":"https:\/\/wirtschaftsstandort-ostfriesland.de\/en\/#organization"},"image":{"@id":"https:\/\/wirtschaftsstandort-ostfriesland.de\/en\/people-of-the-region\/juergen-zeschky\/#primaryimage"},"thumbnailUrl":"https:\/\/wirtschaftsstandort-ostfriesland.de\/wp-content\/uploads\/2023\/11\/Juergen-Zeschky-2.jpg","keywords":["Papenburg","Protagonists of the region","Wind power"],"articleSection":["People of the region","Unkategorisiert"],"inLanguage":"en-US"},{"@type":"WebPage","@id":"https:\/\/wirtschaftsstandort-ostfriesland.de\/en\/people-of-the-region\/juergen-zeschky\/","url":"https:\/\/wirtschaftsstandort-ostfriesland.de\/en\/people-of-the-region\/juergen-zeschky\/","name":"J\u00fcrgen Zeschky - Wirtschaftsstandort Ostfriesland","isPartOf":{"@id":"https:\/\/wirtschaftsstandort-ostfriesland.de\/en\/#website"},"primaryImageOfPage":{"@id":"https:\/\/wirtschaftsstandort-ostfriesland.de\/en\/people-of-the-region\/juergen-zeschky\/#primaryimage"},"image":{"@id":"https:\/\/wirtschaftsstandort-ostfriesland.de\/en\/people-of-the-region\/juergen-zeschky\/#primaryimage"},"thumbnailUrl":"https:\/\/wirtschaftsstandort-ostfriesland.de\/wp-content\/uploads\/2023\/11\/Juergen-Zeschky-2.jpg","datePublished":"2023-11-02T09:55:36+00:00","dateModified":"2023-12-19T12:38:15+00:00","description":"\u201cClimate neutrality will only work if we focus on the renewables.\u201d, says J\u00fcrgen Zeschky, Managing Director of the Aurich-based wind turbine manufacturer ENERCON.","breadcrumb":{"@id":"https:\/\/wirtschaftsstandort-ostfriesland.de\/en\/people-of-the-region\/juergen-zeschky\/#breadcrumb"},"inLanguage":"en-US","potentialAction":[{"@type":"ReadAction","target":["https:\/\/wirtschaftsstandort-ostfriesland.de\/en\/people-of-the-region\/juergen-zeschky\/"]}]},{"@type":"ImageObject","inLanguage":"en-US","@id":"https:\/\/wirtschaftsstandort-ostfriesland.de\/en\/people-of-the-region\/juergen-zeschky\/#primaryimage","url":"https:\/\/wirtschaftsstandort-ostfriesland.de\/wp-content\/uploads\/2023\/11\/Juergen-Zeschky-2.jpg","contentUrl":"https:\/\/wirtschaftsstandort-ostfriesland.de\/wp-content\/uploads\/2023\/11\/Juergen-Zeschky-2.jpg","width":2560,"height":1675,"caption":"J\u00fcrgen Zeschky"},{"@type":"BreadcrumbList","@id":"https:\/\/wirtschaftsstandort-ostfriesland.de\/en\/people-of-the-region\/juergen-zeschky\/#breadcrumb","itemListElement":[{"@type":"ListItem","position":1,"name":"Startseite","item":"https:\/\/wirtschaftsstandort-ostfriesland.de\/en\/"},{"@type":"ListItem","position":2,"name":"J\u00fcrgen Zeschky"}]},{"@type":"WebSite","@id":"https:\/\/wirtschaftsstandort-ostfriesland.de\/en\/#website","url":"https:\/\/wirtschaftsstandort-ostfriesland.de\/en\/","name":"Wirtschaftsstandort Ostfriesland","description":"","publisher":{"@id":"https:\/\/wirtschaftsstandort-ostfriesland.de\/en\/#organization"},"potentialAction":[{"@type":"SearchAction","target":{"@type":"EntryPoint","urlTemplate":"https:\/\/wirtschaftsstandort-ostfriesland.de\/en\/?s={search_term_string}"},"query-input":{"@type":"PropertyValueSpecification","valueRequired":true,"valueName":"search_term_string"}}],"inLanguage":"en-US"},{"@type":"Organization","@id":"https:\/\/wirtschaftsstandort-ostfriesland.de\/en\/#organization","name":"Wirtschaftsstandort Ostfriesland","url":"https:\/\/wirtschaftsstandort-ostfriesland.de\/en\/","logo":{"@type":"ImageObject","inLanguage":"en-US","@id":"https:\/\/wirtschaftsstandort-ostfriesland.de\/en\/#\/schema\/logo\/image\/","url":"https:\/\/wirtschaftsstandort-ostfriesland.de\/wp-content\/uploads\/2023\/10\/wsto_ostfriesland_papenburg_750x250.gif","contentUrl":"https:\/\/wirtschaftsstandort-ostfriesland.de\/wp-content\/uploads\/2023\/10\/wsto_ostfriesland_papenburg_750x250.gif","width":750,"height":250,"caption":"Wirtschaftsstandort Ostfriesland"},"image":{"@id":"https:\/\/wirtschaftsstandort-ostfriesland.de\/en\/#\/schema\/logo\/image\/"}},{"@type":"Person","@id":"https:\/\/wirtschaftsstandort-ostfriesland.de\/en\/#\/schema\/person\/bad8da28b471b178f3e9c56afd3488ab","name":"Claus Spitzer-Ewersmann","image":{"@type":"ImageObject","inLanguage":"en-US","@id":"https:\/\/secure.gravatar.com\/avatar\/81e3b31abb16ac6e6ee2cac707c51eabf601c664f3bd86b29d2926914260cb5e?s=96&d=mm&r=g","url":"https:\/\/secure.gravatar.com\/avatar\/81e3b31abb16ac6e6ee2cac707c51eabf601c664f3bd86b29d2926914260cb5e?s=96&d=mm&r=g","contentUrl":"https:\/\/secure.gravatar.com\/avatar\/81e3b31abb16ac6e6ee2cac707c51eabf601c664f3bd86b29d2926914260cb5e?s=96&d=mm&r=g","caption":"Claus Spitzer-Ewersmann"},"url":"https:\/\/wirtschaftsstandort-ostfriesland.de\/en\/author\/claus-spitzer-ewersmann\/"}]}},"_links":{"self":[{"href":"https:\/\/wirtschaftsstandort-ostfriesland.de\/en\/wp-json\/wp\/v2\/posts\/1431","targetHints":{"allow":["GET"]}}],"collection":[{"href":"https:\/\/wirtschaftsstandort-ostfriesland.de\/en\/wp-json\/wp\/v2\/posts"}],"about":[{"href":"https:\/\/wirtschaftsstandort-ostfriesland.de\/en\/wp-json\/wp\/v2\/types\/post"}],"author":[{"embeddable":true,"href":"https:\/\/wirtschaftsstandort-ostfriesland.de\/en\/wp-json\/wp\/v2\/users\/9"}],"replies":[{"embeddable":true,"href":"https:\/\/wirtschaftsstandort-ostfriesland.de\/en\/wp-json\/wp\/v2\/comments?post=1431"}],"version-history":[{"count":16,"href":"https:\/\/wirtschaftsstandort-ostfriesland.de\/en\/wp-json\/wp\/v2\/posts\/1431\/revisions"}],"predecessor-version":[{"id":4108,"href":"https:\/\/wirtschaftsstandort-ostfriesland.de\/en\/wp-json\/wp\/v2\/posts\/1431\/revisions\/4108"}],"wp:featuredmedia":[{"embeddable":true,"href":"https:\/\/wirtschaftsstandort-ostfriesland.de\/en\/wp-json\/wp\/v2\/media\/3738"}],"wp:attachment":[{"href":"https:\/\/wirtschaftsstandort-ostfriesland.de\/en\/wp-json\/wp\/v2\/media?parent=1431"}],"wp:term":[{"taxonomy":"category","embeddable":true,"href":"https:\/\/wirtschaftsstandort-ostfriesland.de\/en\/wp-json\/wp\/v2\/categories?post=1431"},{"taxonomy":"post_tag","embeddable":true,"href":"https:\/\/wirtschaftsstandort-ostfriesland.de\/en\/wp-json\/wp\/v2\/tags?post=1431"}],"curies":[{"name":"wp","href":"https:\/\/api.w.org\/{rel}","templated":true}]}}