{"id":940,"date":"2023-10-23T07:59:40","date_gmt":"2023-10-23T05:59:40","guid":{"rendered":"https:\/\/wirtschaftsstandort-ostfriesland.de\/unkategorisiert\/andreas-mueller-doepke-schaltgeraete-gmbh\/"},"modified":"2023-12-19T13:39:55","modified_gmt":"2023-12-19T12:39:55","slug":"andreas-mueller","status":"publish","type":"post","link":"https:\/\/wirtschaftsstandort-ostfriesland.de\/en\/people-of-the-region\/andreas-mueller\/","title":{"rendered":"Andreas M\u00fcller"},"content":{"rendered":"\t\t<div data-elementor-type=\"wp-post\" data-elementor-id=\"940\" class=\"elementor elementor-940 elementor-751\" data-elementor-post-type=\"post\">\n\t\t\t\t<div class=\"elementor-element elementor-element-d03ec5b e-flex e-con-boxed e-con e-parent\" data-id=\"d03ec5b\" data-element_type=\"container\" data-e-type=\"container\" data-settings=\"{&quot;background_background&quot;:&quot;gradient&quot;}\">\n\t\t\t\t\t<div class=\"e-con-inner\">\n\t\t<div class=\"elementor-element elementor-element-bf524a8 e-con-full e-flex e-con e-child\" data-id=\"bf524a8\" data-element_type=\"container\" data-e-type=\"container\">\n\t\t\t\t<div class=\"elementor-element elementor-element-e9f2b87 elementor-widget elementor-widget-heading\" data-id=\"e9f2b87\" data-element_type=\"widget\" data-e-type=\"widget\" data-widget_type=\"heading.default\">\n\t\t\t\t<div class=\"elementor-widget-container\">\n\t\t\t\t\t<h2 class=\"elementor-heading-title elementor-size-medium\">My job as managing director is to continue the heritage of the company founder.\u201d<\/h2>\t\t\t\t<\/div>\n\t\t\t\t<\/div>\n\t\t\t\t<div class=\"elementor-element elementor-element-9cf1715 elementor-widget elementor-widget-text-editor\" data-id=\"9cf1715\" data-element_type=\"widget\" data-e-type=\"widget\" data-widget_type=\"text-editor.default\">\n\t\t\t\t<div class=\"elementor-widget-container\">\n\t\t\t\t\t\t\t\t\t<p>When Franz Doepke came to Norden some 70 years ago to found the company Doepke Schaltger\u00e4te, he could hardly have dreamed that he was laying the foundation for an internationally renowned company.<\/p>\n<p>Today, the legacy of the businessman from North Rhine-Westphalia is in the hands of <span style=\"text-decoration: underline;\">Andreas M\u00fcller<\/span> \u2013 a man with vision, know-how and with the laid-back approach that is so typical in Ostfriesland.<\/p>\n\t\t\t\t\t\t\t\t<\/div>\n\t\t\t\t<\/div>\n\t\t\t\t<\/div>\n\t\t<div class=\"elementor-element elementor-element-addc038 e-con-full e-flex e-con e-child\" data-id=\"addc038\" data-element_type=\"container\" data-e-type=\"container\">\n\t\t\t\t<div class=\"elementor-element elementor-element-153aae4 elementor-widget elementor-widget-image\" data-id=\"153aae4\" data-element_type=\"widget\" data-e-type=\"widget\" data-widget_type=\"image.default\">\n\t\t\t\t<div class=\"elementor-widget-container\">\n\t\t\t\t\t\t\t\t\t\t\t\t<figure class=\"wp-caption\">\n\t\t\t\t\t\t\t\t\t\t<img fetchpriority=\"high\" decoding=\"async\" width=\"2048\" height=\"1365\" src=\"https:\/\/wirtschaftsstandort-ostfriesland.de\/wp-content\/uploads\/2023\/10\/Andreas-Mueller-2.jpg\" class=\"attachment-2048x2048 size-2048x2048 wp-image-4021\" alt=\"Andreas M\u00fcller\" srcset=\"https:\/\/wirtschaftsstandort-ostfriesland.de\/wp-content\/uploads\/2023\/10\/Andreas-Mueller-2.jpg 8256w, https:\/\/wirtschaftsstandort-ostfriesland.de\/wp-content\/uploads\/2023\/10\/Andreas-Mueller-2-300x200.jpg 300w, https:\/\/wirtschaftsstandort-ostfriesland.de\/wp-content\/uploads\/2023\/10\/Andreas-Mueller-2-1024x683.jpg 1024w, https:\/\/wirtschaftsstandort-ostfriesland.de\/wp-content\/uploads\/2023\/10\/Andreas-Mueller-2-768x512.jpg 768w, https:\/\/wirtschaftsstandort-ostfriesland.de\/wp-content\/uploads\/2023\/10\/Andreas-Mueller-2-1536x1024.jpg 1536w\" sizes=\"(max-width: 2048px) 100vw, 2048px\" \/>\t\t\t\t\t\t\t\t\t\t\t<figcaption class=\"widget-image-caption wp-caption-text\">Andreas M\u00fcller<\/figcaption>\n\t\t\t\t\t\t\t\t\t\t<\/figure>\n\t\t\t\t\t\t\t\t\t<\/div>\n\t\t\t\t<\/div>\n\t\t\t\t<\/div>\n\t\t\t\t\t<\/div>\n\t\t\t\t<\/div>\n\t\t<div class=\"elementor-element elementor-element-9db637d e-flex e-con-boxed e-con e-parent\" data-id=\"9db637d\" data-element_type=\"container\" data-e-type=\"container\">\n\t\t\t\t\t<div class=\"e-con-inner\">\n\t\t\t\t<div class=\"elementor-element elementor-element-1a36ec8 elementor-widget elementor-widget-text-editor\" data-id=\"1a36ec8\" data-element_type=\"widget\" data-e-type=\"widget\" data-widget_type=\"text-editor.default\">\n\t\t\t\t<div class=\"elementor-widget-container\">\n\t\t\t\t\t\t\t\t\t<p>\u201cWe make electricity safe. Because our products and the technology behind them ensure that current only flows where it\u2019s supposed to&#8221;, says Andreas M\u00fcller, putting the concept behind Doepke in a nutshell. It all began in 1956. Company founder Franz Doepke came to Norden with his friend and engineer August-Wilhelm Engels to found a company that would \u201cprotect animals and people from dangerous high residual current\u201d. This made them pioneers in the field of residual current protection technology. Das Sortiment des Unternehmens umfasst mehrere tausend Schutzschaltger\u00e4te. Rund 450 Mitarbeiterinnen und Mitarbeiter sind im Stammwerk in Norden und am zweiten Firmenstandort im th\u00fcringischen Bickenriede t\u00e4tig, hinzu kommen Niederlassungen in Gro\u00dfbritannien und den Vereinigten Arabischen Emiraten. Another site is currently under construction in Tangier, Morocco.<\/p>\t\t\t\t\t\t\t\t<\/div>\n\t\t\t\t<\/div>\n\t\t\t\t\t<\/div>\n\t\t\t\t<\/div>\n\t\t<div class=\"elementor-element elementor-element-b0c7319 e-flex e-con-boxed e-con e-parent\" data-id=\"b0c7319\" data-element_type=\"container\" data-e-type=\"container\">\n\t\t\t\t\t<div class=\"e-con-inner\">\n\t\t<div class=\"elementor-element elementor-element-5c73901 e-con-full e-flex e-con e-child\" data-id=\"5c73901\" data-element_type=\"container\" data-e-type=\"container\">\n\t\t\t\t<div class=\"elementor-element elementor-element-6548227 elementor-widget elementor-widget-image\" data-id=\"6548227\" data-element_type=\"widget\" data-e-type=\"widget\" data-widget_type=\"image.default\">\n\t\t\t\t<div class=\"elementor-widget-container\">\n\t\t\t\t\t\t\t\t\t\t\t\t<figure class=\"wp-caption\">\n\t\t\t\t\t\t\t\t\t\t<img decoding=\"async\" width=\"774\" height=\"427\" src=\"https:\/\/wirtschaftsstandort-ostfriesland.de\/wp-content\/uploads\/2023\/10\/2023-05-16-15_39_08-Doepke-Schaltgeraete-\u2013-Google-Suche.png\" class=\"attachment-large size-large wp-image-769\" alt=\"\" srcset=\"https:\/\/wirtschaftsstandort-ostfriesland.de\/wp-content\/uploads\/2023\/10\/2023-05-16-15_39_08-Doepke-Schaltgeraete-\u2013-Google-Suche.png 774w, https:\/\/wirtschaftsstandort-ostfriesland.de\/wp-content\/uploads\/2023\/10\/2023-05-16-15_39_08-Doepke-Schaltgeraete-\u2013-Google-Suche-300x166.png 300w, https:\/\/wirtschaftsstandort-ostfriesland.de\/wp-content\/uploads\/2023\/10\/2023-05-16-15_39_08-Doepke-Schaltgeraete-\u2013-Google-Suche-768x424.png 768w\" sizes=\"(max-width: 774px) 100vw, 774px\" \/>\t\t\t\t\t\t\t\t\t\t\t<figcaption class=\"widget-image-caption wp-caption-text\">Doepke maintains its networks and is actively involved in all important industry associations. Here Andreas M\u00fcller signs his entry into Elektromarken.  Strong partners.<\/figcaption>\n\t\t\t\t\t\t\t\t\t\t<\/figure>\n\t\t\t\t\t\t\t\t\t<\/div>\n\t\t\t\t<\/div>\n\t\t\t\t<\/div>\n\t\t<div class=\"elementor-element elementor-element-8a23d2c e-con-full e-flex e-con e-child\" data-id=\"8a23d2c\" data-element_type=\"container\" data-e-type=\"container\">\n\t\t\t\t<div class=\"elementor-element elementor-element-727e80e elementor-widget elementor-widget-text-editor\" data-id=\"727e80e\" data-element_type=\"widget\" data-e-type=\"widget\" data-widget_type=\"text-editor.default\">\n\t\t\t\t<div class=\"elementor-widget-container\">\n\t\t\t\t\t\t\t\t\t<p>Today, Andreas M\u00fcller holds the reins as co-owner and managing partner. Born in Aurich, he joined the company\u2019s field sales force in 1994, climbing the career ladder via management positions in sales and marketing. He then became an authorised signatory before finally joining the executive board in 2009. Although the company\u2019s founder has since passed away and there are no descendants working in the firm, Andreas M\u00fcller still sees Doepke above all as a family company and wants to make sure it stays like that. \u201cMy prime task as managing director is not to reap the biggest possible profit at the end of the year. Instead, first and foremost it\u2019s a case of preserving and continuing the heritage of the company founder.\u201d<\/p>\t\t\t\t\t\t\t\t<\/div>\n\t\t\t\t<\/div>\n\t\t\t\t<\/div>\n\t\t\t\t\t<\/div>\n\t\t\t\t<\/div>\n\t\t<div class=\"elementor-element elementor-element-13df598 e-flex e-con-boxed e-con e-parent\" data-id=\"13df598\" data-element_type=\"container\" data-e-type=\"container\">\n\t\t\t\t\t<div class=\"e-con-inner\">\n\t\t\t\t<div class=\"elementor-element elementor-element-d8d82e8 elementor-widget elementor-widget-heading\" data-id=\"d8d82e8\" data-element_type=\"widget\" data-e-type=\"widget\" data-widget_type=\"heading.default\">\n\t\t\t\t<div class=\"elementor-widget-container\">\n\t\t\t\t\t<h3 class=\"elementor-heading-title elementor-size-default\">Keeping promises<\/h3>\t\t\t\t<\/div>\n\t\t\t\t<\/div>\n\t\t\t\t\t<\/div>\n\t\t\t\t<\/div>\n\t\t<div class=\"elementor-element elementor-element-95da3f7 e-flex e-con-boxed e-con e-parent\" data-id=\"95da3f7\" data-element_type=\"container\" data-e-type=\"container\">\n\t\t\t\t\t<div class=\"e-con-inner\">\n\t\t\t\t<div class=\"elementor-element elementor-element-60aa639 elementor-widget elementor-widget-text-editor\" data-id=\"60aa639\" data-element_type=\"widget\" data-e-type=\"widget\" data-widget_type=\"text-editor.default\">\n\t\t\t\t<div class=\"elementor-widget-container\">\n\t\t\t\t\t\t\t\t\t<p>He hadn\u2019t originally planned to settle in his home town. After his apprenticeship, M\u00fcller wanted to see the world. But he didn\u2019t stay there for long. \u201cWhen I lived in Essen, the noise barrier of the A 40 was only four metres away from my window\u201d, he remembers. Reason enough for the man from Moordorf to come home. He appreciates the region and its people. \u201cHere in Ostfriesland, folks can sometimes be a bit stubborn and seem standoffish\u201d, describes M\u00fcller \u201cBut the promises you make when you look each other in the eyes and shake their hand are the promises you keep. No matter whether you\u2019ve got a written contract or not. We stand by our word\u201d. This was the case back in the 1990s, when a key customer in Great Britain got into financial difficulties. To avoid redundancies, the company in Norden took over the business without further ado. \u201cIt ran at a loss to start with\u201d, admits the boss frankly. \u201cIt would definitely have been easier to close the site after all. But we\u2019d given them our promise.\u201d<\/p><p>He still sees this as being a typical attribute of people here in Ostfriesland, and one they cultivate in the company too: \u201cOur motto is: anyone can talk. Get it done first, do the talking afterwards.\u201d When everyone was talking about the Corona pandemic and the lockdown, the company not only hired 70 new employees \u2013 \u201cThe work was there and needed to be done, so why should we introduce short-time working?\u201d \u2013 but pushed ahead with digitalising their internal workflows. Digital processes were expanded and put on a professional level so that meetings could be held with business partners around the world. In cooperation with the Emden\/ Leer University of Applied Sciences, a studio with seven green screen seats and state-of-the-art video and audio technology was created, which is used for online seminars and expert talks. \u201cIt was all put in place swiftly and without any complications. Before long, we\u2019d become a role model for the industry\u201d, reports M\u00fcller with pride. \u201cToday, our online conferences with people from all over the world make you think that everyone\u2019s in the same room.\u201d<\/p>\t\t\t\t\t\t\t\t<\/div>\n\t\t\t\t<\/div>\n\t\t\t\t\t<\/div>\n\t\t\t\t<\/div>\n\t\t<div class=\"elementor-element elementor-element-e001800 e-flex e-con-boxed e-con e-parent\" data-id=\"e001800\" data-element_type=\"container\" data-e-type=\"container\">\n\t\t\t\t\t<div class=\"e-con-inner\">\n\t\t\t\t<div class=\"elementor-element elementor-element-f279ca5 elementor-widget elementor-widget-heading\" data-id=\"f279ca5\" data-element_type=\"widget\" data-e-type=\"widget\" data-widget_type=\"heading.default\">\n\t\t\t\t<div class=\"elementor-widget-container\">\n\t\t\t\t\t<h3 class=\"elementor-heading-title elementor-size-default\">Being transparent<\/h3>\t\t\t\t<\/div>\n\t\t\t\t<\/div>\n\t\t\t\t\t<\/div>\n\t\t\t\t<\/div>\n\t\t<div class=\"elementor-element elementor-element-1857c6b e-flex e-con-boxed e-con e-parent\" data-id=\"1857c6b\" data-element_type=\"container\" data-e-type=\"container\">\n\t\t\t\t\t<div class=\"e-con-inner\">\n\t\t\t\t<div class=\"elementor-element elementor-element-5a08b97 elementor-widget elementor-widget-text-editor\" data-id=\"5a08b97\" data-element_type=\"widget\" data-e-type=\"widget\" data-widget_type=\"text-editor.default\">\n\t\t\t\t<div class=\"elementor-widget-container\">\n\t\t\t\t\t\t\t\t\t<p>According to Andreas M\u00fcller, his motivated team is one of the main reasons why they went digital so quickly. The most important thing for him is never to lose contact with the grassroots in all his management tasks, because all employees should know the boss personally. After all, the boss should know all his employees personally. It is therefore no great surprise to find him on the factory floor, even if he\u2019s only just got back from a business trip to Dubai. \u201cWe don\u2019t have a Senior Vice President sitting in a posh office abroad somewhere, but a boss directly on the spot. I want my team to be able to see me and talk to me at any time.\u201d<\/p><p>Andreas M\u00fcller was in his mid-thirties when he enrolled at the University of Oldenburg to study business administration for the SME sector. Looking back, that was exactly the right thing to do, he says today. Those years shaped many aspects of his management style. For example, his focus on transparency. Fairly obvious, actually, with M\u00fcller being a man who doesn\u2019t mince his words. He has no qualms about discussing the annual turnover with all department heads \u2013 after all, \u201cwhy make it a secret? It concerns us all.\u201d<\/p><p>For the future, above all he would like to see young people recognise the potential offered by the SME firm around the corner. You don\u2019t always have to get your training away from Ostfriesland in order to see the world later on, he thinks. There can also be super career opportunities right next door in internationally networked companies. It is obvious that Doepke is a great career choice. The meaningfulness of one\u2019s own actions is always the focus: \u201cNo matter where we deliver our products or for what purpose, every person in the world is worth protecting. What we do makes a contribution to this every single day.\u201d<\/p>\t\t\t\t\t\t\t\t<\/div>\n\t\t\t\t<\/div>\n\t\t\t\t\t<\/div>\n\t\t\t\t<\/div>\n\t\t<div class=\"elementor-element elementor-element-83641d4 e-flex e-con-boxed e-con e-parent\" data-id=\"83641d4\" data-element_type=\"container\" data-e-type=\"container\">\n\t\t\t\t\t<div class=\"e-con-inner\">\n\t\t\t\t<div class=\"elementor-element elementor-element-ee9ffad elementor-widget elementor-widget-image\" data-id=\"ee9ffad\" data-element_type=\"widget\" data-e-type=\"widget\" data-widget_type=\"image.default\">\n\t\t\t\t<div class=\"elementor-widget-container\">\n\t\t\t\t\t\t\t\t\t\t\t\t\t\t\t<img decoding=\"async\" width=\"1024\" height=\"681\" src=\"https:\/\/wirtschaftsstandort-ostfriesland.de\/wp-content\/uploads\/2023\/10\/Betriebsklima-bei-Doepke-1024x681.jpg\" class=\"attachment-large size-large wp-image-4024\" alt=\"Gutes Betriebsklima bei Doepke\" srcset=\"https:\/\/wirtschaftsstandort-ostfriesland.de\/wp-content\/uploads\/2023\/10\/Betriebsklima-bei-Doepke-1024x681.jpg 1024w, https:\/\/wirtschaftsstandort-ostfriesland.de\/wp-content\/uploads\/2023\/10\/Betriebsklima-bei-Doepke-300x200.jpg 300w, https:\/\/wirtschaftsstandort-ostfriesland.de\/wp-content\/uploads\/2023\/10\/Betriebsklima-bei-Doepke-768x511.jpg 768w, https:\/\/wirtschaftsstandort-ostfriesland.de\/wp-content\/uploads\/2023\/10\/Betriebsklima-bei-Doepke-1536x1022.jpg 1536w, https:\/\/wirtschaftsstandort-ostfriesland.de\/wp-content\/uploads\/2023\/10\/Betriebsklima-bei-Doepke-2048x1363.jpg 2048w\" sizes=\"(max-width: 1024px) 100vw, 1024px\" \/>\t\t\t\t\t\t\t\t\t\t\t\t\t\t\t<\/div>\n\t\t\t\t<\/div>\n\t\t\t\t\t<\/div>\n\t\t\t\t<\/div>\n\t\t<div class=\"elementor-element elementor-element-4f57645 e-flex e-con-boxed e-con e-parent\" data-id=\"4f57645\" data-element_type=\"container\" data-e-type=\"container\">\n\t\t\t\t\t<div class=\"e-con-inner\">\n\t\t\t\t<div class=\"elementor-element elementor-element-c8531c4 elementor-widget elementor-widget-heading\" data-id=\"c8531c4\" data-element_type=\"widget\" data-e-type=\"widget\" data-widget_type=\"heading.default\">\n\t\t\t\t<div class=\"elementor-widget-container\">\n\t\t\t\t\t<h3 class=\"elementor-heading-title elementor-size-default\">Thinking a step ahead<\/h3>\t\t\t\t<\/div>\n\t\t\t\t<\/div>\n\t\t\t\t\t<\/div>\n\t\t\t\t<\/div>\n\t\t<div class=\"elementor-element elementor-element-03fccf5 e-flex e-con-boxed e-con e-parent\" data-id=\"03fccf5\" data-element_type=\"container\" data-e-type=\"container\">\n\t\t\t\t\t<div class=\"e-con-inner\">\n\t\t\t\t<div class=\"elementor-element elementor-element-9bac38d elementor-widget elementor-widget-text-editor\" data-id=\"9bac38d\" data-element_type=\"widget\" data-e-type=\"widget\" data-widget_type=\"text-editor.default\">\n\t\t\t\t<div class=\"elementor-widget-container\">\n\t\t\t\t\t\t\t\t\t<p>Always thinking ahead in Doepke\u2019s area of expertise \u2013 an exciting challenge for M\u00fcller. Research and development are firmly anchored in the company\u2019s philosophy. At Germany\u2019s leading trade-fair Light + Building, the company received the Design Plus Award for an AI- supported current monitoring device. \u201cDoepke e.Guard converts measured values into cloud-capable signals, making it ideal for large production facilities\u201d, explains the company boss. Instead of troubleshooting, which often took several hours and forced production to come to a standstill, Doepke e.Guard can provide a remedy through permanent monitoring. The device is a clever invention that has once again put the internationally renowned company from Norden on the radar of the trade press and competitors in the industry. \u201cThat\u2019s our speciality\u201d, M\u00fcller says simply. \u201cIf we don\u2019t do research and development, who will?\u201d<\/p><p>Doepke offers the world\u2019s largest range of protective switchgear, with several thousand variants of protective switches and devices. With the Doepke Academy, the company trains its customers all across Europe. There\u2019s probably never an end in sight when it comes to training and product development, says the expert, who sees that there\u2019s still a long way to go in the energy transition. \u201cWhen we start talking about upgrading photovoltaic arrays and heat pumps, we mustn\u2019t forget adequate fuse protection for the for the corresponding house connections and supply lines. In every single tiny residential street in the state.\u201c It\u2019s challenges like this that make everyday work so fascinating for Andreas M\u00fcller.<\/p>\t\t\t\t\t\t\t\t<\/div>\n\t\t\t\t<\/div>\n\t\t\t\t\t<\/div>\n\t\t\t\t<\/div>\n\t\t<div class=\"elementor-element elementor-element-28aad54 e-flex e-con-boxed e-con e-parent\" data-id=\"28aad54\" data-element_type=\"container\" data-e-type=\"container\">\n\t\t\t\t\t<div class=\"e-con-inner\">\n\t\t\t\t<div class=\"elementor-element elementor-element-f22cfd5 elementor-widget elementor-widget-heading\" data-id=\"f22cfd5\" data-element_type=\"widget\" data-e-type=\"widget\" data-widget_type=\"heading.default\">\n\t\t\t\t<div class=\"elementor-widget-container\">\n\t\t\t\t\t<h3 class=\"elementor-heading-title elementor-size-default\">Striking a balance<\/h3>\t\t\t\t<\/div>\n\t\t\t\t<\/div>\n\t\t\t\t\t<\/div>\n\t\t\t\t<\/div>\n\t\t<div class=\"elementor-element elementor-element-251d69c e-flex e-con-boxed e-con e-parent\" data-id=\"251d69c\" data-element_type=\"container\" data-e-type=\"container\">\n\t\t\t\t\t<div class=\"e-con-inner\">\n\t\t\t\t<div class=\"elementor-element elementor-element-cf829bf elementor-widget elementor-widget-text-editor\" data-id=\"cf829bf\" data-element_type=\"widget\" data-e-type=\"widget\" data-widget_type=\"text-editor.default\">\n\t\t\t\t<div class=\"elementor-widget-container\">\n\t\t\t\t\t\t\t\t\t<p>Despite all the responsibility he bears for his company and his staff, Andreas M\u00fcller is at peace with himself and the world. Not least because he strikes a balance with his free time, when he can be found above all walking and cycling out-of-doors, or the workshop he has set up for himself at home. \u201cChopping wood for the fire, doing minor household repairs or working in the garden, simply doing things with my hands. I need this as a balance to my job, that often takes me all over the world\u201d, he says.    Not surprisingly, M\u00fcller does not choose a four-star hotel in exotic countries for his holidays, but prefers the campsite around the corner. \u201cTo sit outside my mobile home enjoying the sun and getting to know people I\u2019d never have met otherwise \u2013 for me that\u2019s the best way to relax.\u201d <\/p>\n<p>He\u2019s already travelled through Southern Europe in this way, as well as coming to appreciate camping sites in the Netherlands, on the coast of Ostfriesland or Schleswig-Holstein and also in the Harz mountains. \u201cHave you ever been to \u201cHolstein Switzerland? It\u2019s beautiful there!\u201d, he enthuses. He certainly thinks people should travel more in their own country. He never really appreciated it as a young adult. \u201cBut then I went to Nordeney for work and suddenly understood why so many people come here on holiday.\u201d Since then, one of his favourite ways to take a time-out from every day routines is to jump on the ferry in nearby Norddeich and pop over to the island for a day. And when the \u201cFrisia\u201d ferry docks back on the mainland in the evening, Andreas M\u00fcller\u2019s batteries are recharged. Ready for the next day to give his all for the company that has become his family.       <\/p>\n\t\t\t\t\t\t\t\t<\/div>\n\t\t\t\t<\/div>\n\t\t\t\t\t<\/div>\n\t\t\t\t<\/div>\n\t\t<div class=\"elementor-element elementor-element-18718ea e-flex e-con-boxed e-con e-parent\" data-id=\"18718ea\" data-element_type=\"container\" data-e-type=\"container\">\n\t\t\t\t\t<div class=\"e-con-inner\">\n\t\t<div class=\"elementor-element elementor-element-4dec91f e-con-full e-flex e-con e-child\" data-id=\"4dec91f\" data-element_type=\"container\" data-e-type=\"container\" data-settings=\"{&quot;background_background&quot;:&quot;gradient&quot;}\">\n\t\t\t\t<div class=\"elementor-element elementor-element-4765a0b elementor-widget elementor-widget-heading\" data-id=\"4765a0b\" data-element_type=\"widget\" data-e-type=\"widget\" data-widget_type=\"heading.default\">\n\t\t\t\t<div class=\"elementor-widget-container\">\n\t\t\t\t\t<h4 class=\"elementor-heading-title elementor-size-default\">Doepke Schaltger\u00e4te GmbH<\/h4>\t\t\t\t<\/div>\n\t\t\t\t<\/div>\n\t\t\t\t<div class=\"elementor-element elementor-element-4ddd8d1 blauer-block elementor-widget elementor-widget-text-editor\" data-id=\"4ddd8d1\" data-element_type=\"widget\" data-e-type=\"widget\" data-widget_type=\"text-editor.default\">\n\t\t\t\t<div class=\"elementor-widget-container\">\n\t\t\t\t\t\t\t\t\t<p>Tel. <a href=\"tel:0493118060\">04931 1806 &#8211; 0<\/a><\/p><p>E-Mail: <a href=\"mailto:info@doepke-gmbh.de\">info@doepke.de<\/a><\/p><p>Web:<a href=\"https:\/\/www.doepke.de\/de\/\"> www.doepke.de<\/a><\/p>\t\t\t\t\t\t\t\t<\/div>\n\t\t\t\t<\/div>\n\t\t\t\t<div class=\"elementor-element elementor-element-628c32e elementor-widget elementor-widget-button\" data-id=\"628c32e\" data-element_type=\"widget\" data-e-type=\"widget\" data-widget_type=\"button.default\">\n\t\t\t\t<div class=\"elementor-widget-container\">\n\t\t\t\t\t\t\t\t\t<div class=\"elementor-button-wrapper\">\n\t\t\t\t\t<a class=\"elementor-button elementor-button-link elementor-size-sm\" href=\"https:\/\/wirtschaftsstandort-ostfriesland.de\/en\/user\/Doepke\/\">\n\t\t\t\t\t\t<span class=\"elementor-button-content-wrapper\">\n\t\t\t\t\t\t\t\t\t<span class=\"elementor-button-text\">company profile<\/span>\n\t\t\t\t\t<\/span>\n\t\t\t\t\t<\/a>\n\t\t\t\t<\/div>\n\t\t\t\t\t\t\t\t<\/div>\n\t\t\t\t<\/div>\n\t\t\t\t<div class=\"elementor-element elementor-element-13e94ba elementor-widget elementor-widget-spacer\" data-id=\"13e94ba\" data-element_type=\"widget\" data-e-type=\"widget\" data-widget_type=\"spacer.default\">\n\t\t\t\t<div class=\"elementor-widget-container\">\n\t\t\t\t\t\t\t<div class=\"elementor-spacer\">\n\t\t\t<div class=\"elementor-spacer-inner\"><\/div>\n\t\t<\/div>\n\t\t\t\t\t\t<\/div>\n\t\t\t\t<\/div>\n\t\t\t\t<\/div>\n\t\t\t\t<div class=\"elementor-element elementor-element-c007404 elementor-widget elementor-widget-google_maps\" data-id=\"c007404\" data-element_type=\"widget\" data-e-type=\"widget\" data-widget_type=\"google_maps.default\">\n\t\t\t\t<div class=\"elementor-widget-container\">\n\t\t\t\t\t\t\t<div class=\"elementor-custom-embed\">\n\t\t\t <div class=\"brlbs-cmpnt-container brlbs-cmpnt-content-blocker brlbs-cmpnt-with-individual-styles\" data-borlabs-cookie-content-blocker-id=\"default\" data-borlabs-cookie-content=\"PGlmcmFtZSBsb2FkaW5nPSJsYXp5IgoJCQkJCXNyYz0iaHR0cHM6Ly9tYXBzLmdvb2dsZS5jb20vbWFwcz9xPWRvZXBrZSUyMHNjaGFsdHNzeXN0ZW1lJiMwMzg7dD1tJiMwMzg7ej0xMCYjMDM4O291dHB1dD1lbWJlZCYjMDM4O2l3bG9jPW5lYXIiCgkJCQkJdGl0bGU9ImRvZXBrZSBzY2hhbHRzc3lzdGVtZSIKCQkJCQlhcmlhLWxhYmVsPSJkb2Vwa2Ugc2NoYWx0c3N5c3RlbWUiCgkJCT48L2lmcmFtZT4=\"><div class=\"brlbs-cmpnt-cb-preset-a\"> <p class=\"brlbs-cmpnt-cb-description\">Sie sehen gerade einen Platzhalterinhalt von <strong>Standard<\/strong>. Um auf den eigentlichen Inhalt zuzugreifen, klicken Sie auf den Button unten. Bitte beachten Sie, dass dabei Daten an Drittanbieter weitergegeben werden.<\/p> <div class=\"brlbs-cmpnt-cb-buttons\"> <a class=\"brlbs-cmpnt-cb-btn\" href=\"#\" data-borlabs-cookie-unblock role=\"button\">Inhalt entsperren<\/a> <a class=\"brlbs-cmpnt-cb-btn\" href=\"#\" data-borlabs-cookie-accept-service role=\"button\" style=\"display: none\">Erforderlichen Service akzeptieren und Inhalte entsperren<\/a> <\/div> <a class=\"brlbs-cmpnt-cb-provider-toggle\" href=\"#\" data-borlabs-cookie-show-provider-information role=\"button\">Mehr Informationen<\/a> <\/div><\/div>\n\t\t<\/div>\n\t\t\t\t\t\t<\/div>\n\t\t\t\t<\/div>\n\t\t\t\t\t<\/div>\n\t\t\t\t<\/div>\n\t\t<div class=\"elementor-element elementor-element-e5ec851 e-flex e-con-boxed e-con e-parent\" data-id=\"e5ec851\" data-element_type=\"container\" data-e-type=\"container\">\n\t\t\t\t\t<div class=\"e-con-inner\">\n\t\t\t\t<div class=\"elementor-element elementor-element-f01237f elementor-share-buttons--view-icon elementor-share-buttons--skin-minimal elementor-share-buttons--shape-circle elementor-grid-0 elementor-share-buttons--color-official elementor-widget elementor-widget-share-buttons\" data-id=\"f01237f\" data-element_type=\"widget\" data-e-type=\"widget\" data-widget_type=\"share-buttons.default\">\n\t\t\t\t<div class=\"elementor-widget-container\">\n\t\t\t\t\t\t\t<div class=\"elementor-grid\" role=\"list\">\n\t\t\t\t\t\t\t\t<div class=\"elementor-grid-item\" role=\"listitem\">\n\t\t\t\t\t\t<div class=\"elementor-share-btn elementor-share-btn_facebook\" role=\"button\" tabindex=\"0\" aria-label=\"Share on facebook\">\n\t\t\t\t\t\t\t\t\t\t\t\t\t\t\t<span class=\"elementor-share-btn__icon\">\n\t\t\t\t\t\t\t\t<i class=\"fab fa-facebook\" aria-hidden=\"true\"><\/i>\t\t\t\t\t\t\t<\/span>\n\t\t\t\t\t\t\t\t\t\t\t\t\t\t\t\t\t\t\t\t<\/div>\n\t\t\t\t\t<\/div>\n\t\t\t\t\t\t\t\t\t<div class=\"elementor-grid-item\" role=\"listitem\">\n\t\t\t\t\t\t<div class=\"elementor-share-btn elementor-share-btn_linkedin\" role=\"button\" tabindex=\"0\" aria-label=\"Share on linkedin\">\n\t\t\t\t\t\t\t\t\t\t\t\t\t\t\t<span class=\"elementor-share-btn__icon\">\n\t\t\t\t\t\t\t\t<i class=\"fab fa-linkedin\" aria-hidden=\"true\"><\/i>\t\t\t\t\t\t\t<\/span>\n\t\t\t\t\t\t\t\t\t\t\t\t\t\t\t\t\t\t\t\t<\/div>\n\t\t\t\t\t<\/div>\n\t\t\t\t\t\t\t\t\t<div class=\"elementor-grid-item\" role=\"listitem\">\n\t\t\t\t\t\t<div class=\"elementor-share-btn elementor-share-btn_whatsapp\" role=\"button\" tabindex=\"0\" aria-label=\"Share on whatsapp\">\n\t\t\t\t\t\t\t\t\t\t\t\t\t\t\t<span class=\"elementor-share-btn__icon\">\n\t\t\t\t\t\t\t\t<i class=\"fab fa-whatsapp\" aria-hidden=\"true\"><\/i>\t\t\t\t\t\t\t<\/span>\n\t\t\t\t\t\t\t\t\t\t\t\t\t\t\t\t\t\t\t\t<\/div>\n\t\t\t\t\t<\/div>\n\t\t\t\t\t\t\t\t\t<div class=\"elementor-grid-item\" role=\"listitem\">\n\t\t\t\t\t\t<div class=\"elementor-share-btn elementor-share-btn_email\" role=\"button\" tabindex=\"0\" aria-label=\"Share on email\">\n\t\t\t\t\t\t\t\t\t\t\t\t\t\t\t<span class=\"elementor-share-btn__icon\">\n\t\t\t\t\t\t\t\t<i class=\"fas fa-envelope\" aria-hidden=\"true\"><\/i>\t\t\t\t\t\t\t<\/span>\n\t\t\t\t\t\t\t\t\t\t\t\t\t\t\t\t\t\t\t\t<\/div>\n\t\t\t\t\t<\/div>\n\t\t\t\t\t\t\t\t\t<div class=\"elementor-grid-item\" role=\"listitem\">\n\t\t\t\t\t\t<div class=\"elementor-share-btn elementor-share-btn_print\" role=\"button\" tabindex=\"0\" aria-label=\"Share on print\">\n\t\t\t\t\t\t\t\t\t\t\t\t\t\t\t<span class=\"elementor-share-btn__icon\">\n\t\t\t\t\t\t\t\t<i class=\"fas fa-print\" aria-hidden=\"true\"><\/i>\t\t\t\t\t\t\t<\/span>\n\t\t\t\t\t\t\t\t\t\t\t\t\t\t\t\t\t\t\t\t<\/div>\n\t\t\t\t\t<\/div>\n\t\t\t\t\t\t<\/div>\n\t\t\t\t\t\t<\/div>\n\t\t\t\t<\/div>\n\t\t\t\t\t<\/div>\n\t\t\t\t<\/div>\n\t\t\t\t<\/div>\n\t\t","protected":false},"excerpt":{"rendered":"<p>&#8220;My job as managing director is to continue the heritage of the company founder.\u201d<\/p>\n","protected":false},"author":8,"featured_media":3746,"comment_status":"closed","ping_status":"closed","sticky":false,"template":"","format":"standard","meta":{"_acf_changed":false,"neve_meta_sidebar":"","neve_meta_container":"","neve_meta_enable_content_width":"","neve_meta_content_width":0,"neve_meta_title_alignment":"","neve_meta_author_avatar":"","neve_post_elements_order":"","neve_meta_disable_header":"","neve_meta_disable_footer":"","neve_meta_disable_title":"","neve_meta_reading_time":"","_themeisle_gutenberg_block_has_review":false,"footnotes":""},"categories":[48,1],"tags":[49,50],"class_list":["post-940","post","type-post","status-publish","format-standard","has-post-thumbnail","hentry","category-people-of-the-region","category-unkategorisiert","tag-norden-en","tag-protagonists-of-the-region"],"acf":[],"yoast_head":"<!-- This site is optimized with the Yoast SEO plugin v27.4 - https:\/\/yoast.com\/product\/yoast-seo-wordpress\/ -->\n<title>Andreas M\u00fcller - Wirtschaftsstandort Ostfriesland<\/title>\n<meta name=\"description\" content=\"&quot;My job as managing director is to continue the heritage of the company founder.\u201d, says Andreas M\u00fcller - Owner Doepke Schaltger\u00e4te GmbH - business location Ostfriesland\/ Papenburg.\" \/>\n<meta name=\"robots\" content=\"index, follow, max-snippet:-1, max-image-preview:large, max-video-preview:-1\" \/>\n<link rel=\"canonical\" href=\"https:\/\/wirtschaftsstandort-ostfriesland.de\/en\/people-of-the-region\/andreas-mueller\/\" \/>\n<meta property=\"og:locale\" content=\"en_US\" \/>\n<meta property=\"og:type\" content=\"article\" \/>\n<meta property=\"og:title\" content=\"Andreas M\u00fcller - Wirtschaftsstandort Ostfriesland\" \/>\n<meta property=\"og:description\" content=\"&quot;My job as managing director is to continue the heritage of the company founder.\u201d, says Andreas M\u00fcller - Owner Doepke Schaltger\u00e4te GmbH - business location Ostfriesland\/ Papenburg.\" \/>\n<meta property=\"og:url\" content=\"https:\/\/wirtschaftsstandort-ostfriesland.de\/en\/people-of-the-region\/andreas-mueller\/\" \/>\n<meta property=\"og:site_name\" content=\"Wirtschaftsstandort Ostfriesland\" \/>\n<meta property=\"article:published_time\" content=\"2023-10-23T05:59:40+00:00\" \/>\n<meta property=\"article:modified_time\" content=\"2023-12-19T12:39:55+00:00\" \/>\n<meta property=\"og:image\" content=\"https:\/\/wirtschaftsstandort-ostfriesland.de\/wp-content\/uploads\/2023\/10\/Andreas-Mueller-1.jpg\" \/>\n\t<meta property=\"og:image:width\" content=\"2560\" \/>\n\t<meta property=\"og:image:height\" content=\"1675\" \/>\n\t<meta property=\"og:image:type\" content=\"image\/jpeg\" \/>\n<meta name=\"author\" content=\"Lisa Knoll\" \/>\n<meta name=\"twitter:card\" content=\"summary_large_image\" \/>\n<meta name=\"twitter:label1\" content=\"Written by\" \/>\n\t<meta name=\"twitter:data1\" content=\"Lisa Knoll\" \/>\n\t<meta name=\"twitter:label2\" content=\"Est. reading time\" \/>\n\t<meta name=\"twitter:data2\" content=\"8 minutes\" \/>\n<script type=\"application\/ld+json\" class=\"yoast-schema-graph\">{\"@context\":\"https:\\\/\\\/schema.org\",\"@graph\":[{\"@type\":\"Article\",\"@id\":\"https:\\\/\\\/wirtschaftsstandort-ostfriesland.de\\\/en\\\/people-of-the-region\\\/andreas-mueller\\\/#article\",\"isPartOf\":{\"@id\":\"https:\\\/\\\/wirtschaftsstandort-ostfriesland.de\\\/en\\\/people-of-the-region\\\/andreas-mueller\\\/\"},\"author\":{\"name\":\"Lisa Knoll\",\"@id\":\"https:\\\/\\\/wirtschaftsstandort-ostfriesland.de\\\/en\\\/#\\\/schema\\\/person\\\/a9c21a93e4d359c39167e3007657e46c\"},\"headline\":\"Andreas M\u00fcller\",\"datePublished\":\"2023-10-23T05:59:40+00:00\",\"dateModified\":\"2023-12-19T12:39:55+00:00\",\"mainEntityOfPage\":{\"@id\":\"https:\\\/\\\/wirtschaftsstandort-ostfriesland.de\\\/en\\\/people-of-the-region\\\/andreas-mueller\\\/\"},\"wordCount\":1638,\"publisher\":{\"@id\":\"https:\\\/\\\/wirtschaftsstandort-ostfriesland.de\\\/en\\\/#organization\"},\"image\":{\"@id\":\"https:\\\/\\\/wirtschaftsstandort-ostfriesland.de\\\/en\\\/people-of-the-region\\\/andreas-mueller\\\/#primaryimage\"},\"thumbnailUrl\":\"https:\\\/\\\/wirtschaftsstandort-ostfriesland.de\\\/wp-content\\\/uploads\\\/2023\\\/10\\\/Andreas-Mueller-1.jpg\",\"keywords\":[\"Norden\",\"Protagonists of the region\"],\"articleSection\":[\"People of the region\",\"Unkategorisiert\"],\"inLanguage\":\"en-US\"},{\"@type\":\"WebPage\",\"@id\":\"https:\\\/\\\/wirtschaftsstandort-ostfriesland.de\\\/en\\\/people-of-the-region\\\/andreas-mueller\\\/\",\"url\":\"https:\\\/\\\/wirtschaftsstandort-ostfriesland.de\\\/en\\\/people-of-the-region\\\/andreas-mueller\\\/\",\"name\":\"Andreas M\u00fcller - Wirtschaftsstandort Ostfriesland\",\"isPartOf\":{\"@id\":\"https:\\\/\\\/wirtschaftsstandort-ostfriesland.de\\\/en\\\/#website\"},\"primaryImageOfPage\":{\"@id\":\"https:\\\/\\\/wirtschaftsstandort-ostfriesland.de\\\/en\\\/people-of-the-region\\\/andreas-mueller\\\/#primaryimage\"},\"image\":{\"@id\":\"https:\\\/\\\/wirtschaftsstandort-ostfriesland.de\\\/en\\\/people-of-the-region\\\/andreas-mueller\\\/#primaryimage\"},\"thumbnailUrl\":\"https:\\\/\\\/wirtschaftsstandort-ostfriesland.de\\\/wp-content\\\/uploads\\\/2023\\\/10\\\/Andreas-Mueller-1.jpg\",\"datePublished\":\"2023-10-23T05:59:40+00:00\",\"dateModified\":\"2023-12-19T12:39:55+00:00\",\"description\":\"\\\"My job as managing director is to continue the heritage of the company founder.\u201d, says Andreas M\u00fcller - Owner Doepke Schaltger\u00e4te GmbH - business location Ostfriesland\\\/ Papenburg.\",\"breadcrumb\":{\"@id\":\"https:\\\/\\\/wirtschaftsstandort-ostfriesland.de\\\/en\\\/people-of-the-region\\\/andreas-mueller\\\/#breadcrumb\"},\"inLanguage\":\"en-US\",\"potentialAction\":[{\"@type\":\"ReadAction\",\"target\":[\"https:\\\/\\\/wirtschaftsstandort-ostfriesland.de\\\/en\\\/people-of-the-region\\\/andreas-mueller\\\/\"]}]},{\"@type\":\"ImageObject\",\"inLanguage\":\"en-US\",\"@id\":\"https:\\\/\\\/wirtschaftsstandort-ostfriesland.de\\\/en\\\/people-of-the-region\\\/andreas-mueller\\\/#primaryimage\",\"url\":\"https:\\\/\\\/wirtschaftsstandort-ostfriesland.de\\\/wp-content\\\/uploads\\\/2023\\\/10\\\/Andreas-Mueller-1.jpg\",\"contentUrl\":\"https:\\\/\\\/wirtschaftsstandort-ostfriesland.de\\\/wp-content\\\/uploads\\\/2023\\\/10\\\/Andreas-Mueller-1.jpg\",\"width\":2560,\"height\":1675,\"caption\":\"Andreas M\u00fcller\"},{\"@type\":\"BreadcrumbList\",\"@id\":\"https:\\\/\\\/wirtschaftsstandort-ostfriesland.de\\\/en\\\/people-of-the-region\\\/andreas-mueller\\\/#breadcrumb\",\"itemListElement\":[{\"@type\":\"ListItem\",\"position\":1,\"name\":\"Startseite\",\"item\":\"https:\\\/\\\/wirtschaftsstandort-ostfriesland.de\\\/en\\\/\"},{\"@type\":\"ListItem\",\"position\":2,\"name\":\"Andreas M\u00fcller\"}]},{\"@type\":\"WebSite\",\"@id\":\"https:\\\/\\\/wirtschaftsstandort-ostfriesland.de\\\/en\\\/#website\",\"url\":\"https:\\\/\\\/wirtschaftsstandort-ostfriesland.de\\\/en\\\/\",\"name\":\"Wirtschaftsstandort Ostfriesland\",\"description\":\"\",\"publisher\":{\"@id\":\"https:\\\/\\\/wirtschaftsstandort-ostfriesland.de\\\/en\\\/#organization\"},\"potentialAction\":[{\"@type\":\"SearchAction\",\"target\":{\"@type\":\"EntryPoint\",\"urlTemplate\":\"https:\\\/\\\/wirtschaftsstandort-ostfriesland.de\\\/en\\\/?s={search_term_string}\"},\"query-input\":{\"@type\":\"PropertyValueSpecification\",\"valueRequired\":true,\"valueName\":\"search_term_string\"}}],\"inLanguage\":\"en-US\"},{\"@type\":\"Organization\",\"@id\":\"https:\\\/\\\/wirtschaftsstandort-ostfriesland.de\\\/en\\\/#organization\",\"name\":\"Wirtschaftsstandort Ostfriesland\",\"url\":\"https:\\\/\\\/wirtschaftsstandort-ostfriesland.de\\\/en\\\/\",\"logo\":{\"@type\":\"ImageObject\",\"inLanguage\":\"en-US\",\"@id\":\"https:\\\/\\\/wirtschaftsstandort-ostfriesland.de\\\/en\\\/#\\\/schema\\\/logo\\\/image\\\/\",\"url\":\"https:\\\/\\\/wirtschaftsstandort-ostfriesland.de\\\/wp-content\\\/uploads\\\/2023\\\/10\\\/wsto_ostfriesland_papenburg_750x250.gif\",\"contentUrl\":\"https:\\\/\\\/wirtschaftsstandort-ostfriesland.de\\\/wp-content\\\/uploads\\\/2023\\\/10\\\/wsto_ostfriesland_papenburg_750x250.gif\",\"width\":750,\"height\":250,\"caption\":\"Wirtschaftsstandort Ostfriesland\"},\"image\":{\"@id\":\"https:\\\/\\\/wirtschaftsstandort-ostfriesland.de\\\/en\\\/#\\\/schema\\\/logo\\\/image\\\/\"}},{\"@type\":\"Person\",\"@id\":\"https:\\\/\\\/wirtschaftsstandort-ostfriesland.de\\\/en\\\/#\\\/schema\\\/person\\\/a9c21a93e4d359c39167e3007657e46c\",\"name\":\"Lisa Knoll\",\"image\":{\"@type\":\"ImageObject\",\"inLanguage\":\"en-US\",\"@id\":\"https:\\\/\\\/secure.gravatar.com\\\/avatar\\\/0b12680a4e6020db43d596112230c1a6c50f2c3986b2015c550e32072ab79a39?s=96&d=mm&r=g\",\"url\":\"https:\\\/\\\/secure.gravatar.com\\\/avatar\\\/0b12680a4e6020db43d596112230c1a6c50f2c3986b2015c550e32072ab79a39?s=96&d=mm&r=g\",\"contentUrl\":\"https:\\\/\\\/secure.gravatar.com\\\/avatar\\\/0b12680a4e6020db43d596112230c1a6c50f2c3986b2015c550e32072ab79a39?s=96&d=mm&r=g\",\"caption\":\"Lisa Knoll\"},\"url\":\"https:\\\/\\\/wirtschaftsstandort-ostfriesland.de\\\/en\\\/author\\\/lisa-knoll\\\/\"}]}<\/script>\n<!-- \/ Yoast SEO plugin. -->","yoast_head_json":{"title":"Andreas M\u00fcller - Wirtschaftsstandort Ostfriesland","description":"\"My job as managing director is to continue the heritage of the company founder.\u201d, says Andreas M\u00fcller - Owner Doepke Schaltger\u00e4te GmbH - business location Ostfriesland\/ Papenburg.","robots":{"index":"index","follow":"follow","max-snippet":"max-snippet:-1","max-image-preview":"max-image-preview:large","max-video-preview":"max-video-preview:-1"},"canonical":"https:\/\/wirtschaftsstandort-ostfriesland.de\/en\/people-of-the-region\/andreas-mueller\/","og_locale":"en_US","og_type":"article","og_title":"Andreas M\u00fcller - Wirtschaftsstandort Ostfriesland","og_description":"\"My job as managing director is to continue the heritage of the company founder.\u201d, says Andreas M\u00fcller - Owner Doepke Schaltger\u00e4te GmbH - business location Ostfriesland\/ Papenburg.","og_url":"https:\/\/wirtschaftsstandort-ostfriesland.de\/en\/people-of-the-region\/andreas-mueller\/","og_site_name":"Wirtschaftsstandort Ostfriesland","article_published_time":"2023-10-23T05:59:40+00:00","article_modified_time":"2023-12-19T12:39:55+00:00","og_image":[{"width":2560,"height":1675,"url":"https:\/\/wirtschaftsstandort-ostfriesland.de\/wp-content\/uploads\/2023\/10\/Andreas-Mueller-1.jpg","type":"image\/jpeg"}],"author":"Lisa Knoll","twitter_card":"summary_large_image","twitter_misc":{"Written by":"Lisa Knoll","Est. reading time":"8 minutes"},"schema":{"@context":"https:\/\/schema.org","@graph":[{"@type":"Article","@id":"https:\/\/wirtschaftsstandort-ostfriesland.de\/en\/people-of-the-region\/andreas-mueller\/#article","isPartOf":{"@id":"https:\/\/wirtschaftsstandort-ostfriesland.de\/en\/people-of-the-region\/andreas-mueller\/"},"author":{"name":"Lisa Knoll","@id":"https:\/\/wirtschaftsstandort-ostfriesland.de\/en\/#\/schema\/person\/a9c21a93e4d359c39167e3007657e46c"},"headline":"Andreas M\u00fcller","datePublished":"2023-10-23T05:59:40+00:00","dateModified":"2023-12-19T12:39:55+00:00","mainEntityOfPage":{"@id":"https:\/\/wirtschaftsstandort-ostfriesland.de\/en\/people-of-the-region\/andreas-mueller\/"},"wordCount":1638,"publisher":{"@id":"https:\/\/wirtschaftsstandort-ostfriesland.de\/en\/#organization"},"image":{"@id":"https:\/\/wirtschaftsstandort-ostfriesland.de\/en\/people-of-the-region\/andreas-mueller\/#primaryimage"},"thumbnailUrl":"https:\/\/wirtschaftsstandort-ostfriesland.de\/wp-content\/uploads\/2023\/10\/Andreas-Mueller-1.jpg","keywords":["Norden","Protagonists of the region"],"articleSection":["People of the region","Unkategorisiert"],"inLanguage":"en-US"},{"@type":"WebPage","@id":"https:\/\/wirtschaftsstandort-ostfriesland.de\/en\/people-of-the-region\/andreas-mueller\/","url":"https:\/\/wirtschaftsstandort-ostfriesland.de\/en\/people-of-the-region\/andreas-mueller\/","name":"Andreas M\u00fcller - Wirtschaftsstandort Ostfriesland","isPartOf":{"@id":"https:\/\/wirtschaftsstandort-ostfriesland.de\/en\/#website"},"primaryImageOfPage":{"@id":"https:\/\/wirtschaftsstandort-ostfriesland.de\/en\/people-of-the-region\/andreas-mueller\/#primaryimage"},"image":{"@id":"https:\/\/wirtschaftsstandort-ostfriesland.de\/en\/people-of-the-region\/andreas-mueller\/#primaryimage"},"thumbnailUrl":"https:\/\/wirtschaftsstandort-ostfriesland.de\/wp-content\/uploads\/2023\/10\/Andreas-Mueller-1.jpg","datePublished":"2023-10-23T05:59:40+00:00","dateModified":"2023-12-19T12:39:55+00:00","description":"\"My job as managing director is to continue the heritage of the company founder.\u201d, says Andreas M\u00fcller - Owner Doepke Schaltger\u00e4te GmbH - business location Ostfriesland\/ Papenburg.","breadcrumb":{"@id":"https:\/\/wirtschaftsstandort-ostfriesland.de\/en\/people-of-the-region\/andreas-mueller\/#breadcrumb"},"inLanguage":"en-US","potentialAction":[{"@type":"ReadAction","target":["https:\/\/wirtschaftsstandort-ostfriesland.de\/en\/people-of-the-region\/andreas-mueller\/"]}]},{"@type":"ImageObject","inLanguage":"en-US","@id":"https:\/\/wirtschaftsstandort-ostfriesland.de\/en\/people-of-the-region\/andreas-mueller\/#primaryimage","url":"https:\/\/wirtschaftsstandort-ostfriesland.de\/wp-content\/uploads\/2023\/10\/Andreas-Mueller-1.jpg","contentUrl":"https:\/\/wirtschaftsstandort-ostfriesland.de\/wp-content\/uploads\/2023\/10\/Andreas-Mueller-1.jpg","width":2560,"height":1675,"caption":"Andreas M\u00fcller"},{"@type":"BreadcrumbList","@id":"https:\/\/wirtschaftsstandort-ostfriesland.de\/en\/people-of-the-region\/andreas-mueller\/#breadcrumb","itemListElement":[{"@type":"ListItem","position":1,"name":"Startseite","item":"https:\/\/wirtschaftsstandort-ostfriesland.de\/en\/"},{"@type":"ListItem","position":2,"name":"Andreas M\u00fcller"}]},{"@type":"WebSite","@id":"https:\/\/wirtschaftsstandort-ostfriesland.de\/en\/#website","url":"https:\/\/wirtschaftsstandort-ostfriesland.de\/en\/","name":"Wirtschaftsstandort Ostfriesland","description":"","publisher":{"@id":"https:\/\/wirtschaftsstandort-ostfriesland.de\/en\/#organization"},"potentialAction":[{"@type":"SearchAction","target":{"@type":"EntryPoint","urlTemplate":"https:\/\/wirtschaftsstandort-ostfriesland.de\/en\/?s={search_term_string}"},"query-input":{"@type":"PropertyValueSpecification","valueRequired":true,"valueName":"search_term_string"}}],"inLanguage":"en-US"},{"@type":"Organization","@id":"https:\/\/wirtschaftsstandort-ostfriesland.de\/en\/#organization","name":"Wirtschaftsstandort Ostfriesland","url":"https:\/\/wirtschaftsstandort-ostfriesland.de\/en\/","logo":{"@type":"ImageObject","inLanguage":"en-US","@id":"https:\/\/wirtschaftsstandort-ostfriesland.de\/en\/#\/schema\/logo\/image\/","url":"https:\/\/wirtschaftsstandort-ostfriesland.de\/wp-content\/uploads\/2023\/10\/wsto_ostfriesland_papenburg_750x250.gif","contentUrl":"https:\/\/wirtschaftsstandort-ostfriesland.de\/wp-content\/uploads\/2023\/10\/wsto_ostfriesland_papenburg_750x250.gif","width":750,"height":250,"caption":"Wirtschaftsstandort Ostfriesland"},"image":{"@id":"https:\/\/wirtschaftsstandort-ostfriesland.de\/en\/#\/schema\/logo\/image\/"}},{"@type":"Person","@id":"https:\/\/wirtschaftsstandort-ostfriesland.de\/en\/#\/schema\/person\/a9c21a93e4d359c39167e3007657e46c","name":"Lisa Knoll","image":{"@type":"ImageObject","inLanguage":"en-US","@id":"https:\/\/secure.gravatar.com\/avatar\/0b12680a4e6020db43d596112230c1a6c50f2c3986b2015c550e32072ab79a39?s=96&d=mm&r=g","url":"https:\/\/secure.gravatar.com\/avatar\/0b12680a4e6020db43d596112230c1a6c50f2c3986b2015c550e32072ab79a39?s=96&d=mm&r=g","contentUrl":"https:\/\/secure.gravatar.com\/avatar\/0b12680a4e6020db43d596112230c1a6c50f2c3986b2015c550e32072ab79a39?s=96&d=mm&r=g","caption":"Lisa Knoll"},"url":"https:\/\/wirtschaftsstandort-ostfriesland.de\/en\/author\/lisa-knoll\/"}]}},"_links":{"self":[{"href":"https:\/\/wirtschaftsstandort-ostfriesland.de\/en\/wp-json\/wp\/v2\/posts\/940","targetHints":{"allow":["GET"]}}],"collection":[{"href":"https:\/\/wirtschaftsstandort-ostfriesland.de\/en\/wp-json\/wp\/v2\/posts"}],"about":[{"href":"https:\/\/wirtschaftsstandort-ostfriesland.de\/en\/wp-json\/wp\/v2\/types\/post"}],"author":[{"embeddable":true,"href":"https:\/\/wirtschaftsstandort-ostfriesland.de\/en\/wp-json\/wp\/v2\/users\/8"}],"replies":[{"embeddable":true,"href":"https:\/\/wirtschaftsstandort-ostfriesland.de\/en\/wp-json\/wp\/v2\/comments?post=940"}],"version-history":[{"count":15,"href":"https:\/\/wirtschaftsstandort-ostfriesland.de\/en\/wp-json\/wp\/v2\/posts\/940\/revisions"}],"predecessor-version":[{"id":4111,"href":"https:\/\/wirtschaftsstandort-ostfriesland.de\/en\/wp-json\/wp\/v2\/posts\/940\/revisions\/4111"}],"wp:featuredmedia":[{"embeddable":true,"href":"https:\/\/wirtschaftsstandort-ostfriesland.de\/en\/wp-json\/wp\/v2\/media\/3746"}],"wp:attachment":[{"href":"https:\/\/wirtschaftsstandort-ostfriesland.de\/en\/wp-json\/wp\/v2\/media?parent=940"}],"wp:term":[{"taxonomy":"category","embeddable":true,"href":"https:\/\/wirtschaftsstandort-ostfriesland.de\/en\/wp-json\/wp\/v2\/categories?post=940"},{"taxonomy":"post_tag","embeddable":true,"href":"https:\/\/wirtschaftsstandort-ostfriesland.de\/en\/wp-json\/wp\/v2\/tags?post=940"}],"curies":[{"name":"wp","href":"https:\/\/api.w.org\/{rel}","templated":true}]}}